{"id":48683,"date":"2024-10-16T13:06:00","date_gmt":"2024-10-16T13:06:00","guid":{"rendered":"https:\/\/tvbrazilusa.com\/2024\/10\/16\/possivel-acao-surpreendente-do-cafe-no-organismo\/"},"modified":"2024-10-16T13:06:02","modified_gmt":"2024-10-16T13:06:02","slug":"possivel-acao-surpreendente-do-cafe-no-organismo","status":"publish","type":"post","link":"https:\/\/tvbrazilusa.com\/pt\/2024\/10\/16\/possivel-acao-surpreendente-do-cafe-no-organismo\/","title":{"rendered":"Poss\u00edvel a\u00e7\u00e3o surpreendente do caf\u00e9 no organismo"},"content":{"rendered":"<p> <script async src=\"https:\/\/pagead2.googlesyndication.com\/pagead\/js\/adsbygoogle.js?client=ca-pub-8864793242727901\"\r\n     crossorigin=\"anonymous\"><\/script><br \/>\n<\/p>\n<div id=\"taboola-read-more\" style=\"display:block; width:100%\">\n<p>Ter o h\u00e1bito de beber caf\u00e9 em quantidades moderadas pode reduzir o risco de sofrer o agravamento de um quadro de dem\u00eancia, segundo mostra um estudo publicado na revista Alzheimer\u2019s &#038; Dementia.\n<\/p>\n<p>A descoberta foi feita por pesquisadores do Hospital Universit\u00e1rio da Universidade de Lille, na Fran\u00e7a. Os cientistas analisaram a rela\u00e7\u00e3o entre o consumo de cafe\u00edna e a quantidade de prote\u00ednas beta-amiloides no c\u00e9rebro de 263 pacientes idosos com comprometimento cognitivo leve ou Alzheimer.<\/p>\n<p>A dem\u00eancia \u00e9 uma condi\u00e7\u00e3o que afeta principalmente pessoas mais velhas, prejudicando a mem\u00f3ria, o pensamento e a capacidade de realizar atividades di\u00e1rias. O Alzheimer \u00e9 um tipo de dem\u00eancia. A aglomera\u00e7\u00e3o de prote\u00ednas tau e beta-amiloides no c\u00e9rebro est\u00e1 relacionada a essa neurodegenera\u00e7\u00e3o.\n<\/p>\n<p><strong>Caf\u00e9 na preven\u00e7\u00e3o da dem\u00eancia<\/strong><br \/>A maioria das pesquisas sobre a rela\u00e7\u00e3o entre alimenta\u00e7\u00e3o e dem\u00eancia \u00e9 observacional ou faz uso de meta-an\u00e1lise de dados. O estudo franc\u00eas se destaca por avaliar tamb\u00e9m as mudan\u00e7as biol\u00f3gicas proporcionadas pela cafe\u00edna a partir de imagens de resson\u00e2ncia magn\u00e9tica cerebral dos participantes.\n<\/p>\n<p>No in\u00edcio da pesquisa, todos os participantes passaram por avalia\u00e7\u00f5es cl\u00ednicas, neuropsicol\u00f3gicas e biol\u00f3gicas, al\u00e9m de fazerem exames cerebrais de resson\u00e2ncia magn\u00e9tica (RM) e fornecerem amostras de sangue e l\u00edquido cefalorraquidiano. Eles tamb\u00e9m responderam uma pesquisa detalhada sobre o consumo de alimentos e bebidas que cont\u00eam cafe\u00edna \u2013 como caf\u00e9, chocolate, ch\u00e1 e refrigerante.\n<\/p>\n<p>As pessoas que consumiam uma m\u00e9dia at\u00e9 200 miligramas de cafe\u00edna por dia (equivalente a duas x\u00edcaras de caf\u00e9 ou uma lata de bebida energ\u00e9tica) foram colocados no grupo de \u201cbaixo\u201d n\u00edvel de cafe\u00edna. As que bebiam mais de 216 miligramas foram consideradas \u201cgrandes consumidores de cafe\u00edna\u201d.\n<\/p>\n<p>Os resultados mostraram que as pessoas do grupo de maior consumo de cafe\u00edna corriam menos risco de serem diagnosticadas com decl\u00ednio cognitivo leve com comprometimento da mem\u00f3ria em compara\u00e7\u00e3o com as que bebiam pouco caf\u00e9.\n<\/p>\n<p>Os participantes que bebiam pouco caf\u00e9 tinham quase 2,5 vezes mais probabilidade de ter um diagn\u00f3stico de comprometimento cognitivo leve com mem\u00f3ria prejudicada ou Alzheimer.\n<\/p>\n<p>Ao analisar os exames, os pesquisadores tamb\u00e9m viram que aqueles que bebiam menos cafe\u00edna tendiam a ter maior aglomera\u00e7\u00e3o de prote\u00ednas beta-amiloides no c\u00e9rebro. Mas a quantidade de cafe\u00edna n\u00e3o afetou os n\u00edveis de prote\u00edna tau.\n<\/p>\n<p>Fonte: Metr\u00f3poles <\/p>\n<\/div>\n<p><br \/>\n<br \/><a href=\"https:\/\/diariodobrasilnoticias.com.br\/noticia\/possivel-acao-surpreendente-do-cafe-no-organismo-670f92e2cbf46\">Source link <\/a><\/p>","protected":false},"excerpt":{"rendered":"<p>Ter o h\u00e1bito de beber caf\u00e9 em quantidades moderadas pode reduzir o risco de sofrer o agravamento de um quadro de dem\u00eancia, segundo mostra um estudo publicado na revista Alzheimer\u2019s&hellip;<\/p>","protected":false},"author":1,"featured_media":48684,"comment_status":"closed","ping_status":"open","sticky":false,"template":"","format":"standard","meta":{"content-type":"","footnotes":""},"categories":[16],"tags":[123,2448,5313,1267],"class_list":["post-48683","post","type-post","status-publish","format-standard","has-post-thumbnail","hentry","category-noticias","tag-brasil","tag-diario","tag-noticia","tag-noticias"],"_links":{"self":[{"href":"https:\/\/tvbrazilusa.com\/pt\/wp-json\/wp\/v2\/posts\/48683","targetHints":{"allow":["GET"]}}],"collection":[{"href":"https:\/\/tvbrazilusa.com\/pt\/wp-json\/wp\/v2\/posts"}],"about":[{"href":"https:\/\/tvbrazilusa.com\/pt\/wp-json\/wp\/v2\/types\/post"}],"author":[{"embeddable":true,"href":"https:\/\/tvbrazilusa.com\/pt\/wp-json\/wp\/v2\/users\/1"}],"replies":[{"embeddable":true,"href":"https:\/\/tvbrazilusa.com\/pt\/wp-json\/wp\/v2\/comments?post=48683"}],"version-history":[{"count":1,"href":"https:\/\/tvbrazilusa.com\/pt\/wp-json\/wp\/v2\/posts\/48683\/revisions"}],"predecessor-version":[{"id":48685,"href":"https:\/\/tvbrazilusa.com\/pt\/wp-json\/wp\/v2\/posts\/48683\/revisions\/48685"}],"wp:featuredmedia":[{"embeddable":true,"href":"https:\/\/tvbrazilusa.com\/pt\/wp-json\/wp\/v2\/media\/48684"}],"wp:attachment":[{"href":"https:\/\/tvbrazilusa.com\/pt\/wp-json\/wp\/v2\/media?parent=48683"}],"wp:term":[{"taxonomy":"category","embeddable":true,"href":"https:\/\/tvbrazilusa.com\/pt\/wp-json\/wp\/v2\/categories?post=48683"},{"taxonomy":"post_tag","embeddable":true,"href":"https:\/\/tvbrazilusa.com\/pt\/wp-json\/wp\/v2\/tags?post=48683"}],"curies":[{"name":"wp","href":"https:\/\/api.w.org\/{rel}","templated":true}]}}