{"id":48704,"date":"2024-10-16T14:19:29","date_gmt":"2024-10-16T14:19:29","guid":{"rendered":"https:\/\/tvbrazilusa.com\/2024\/10\/16\/delator-da-odebrecht-contratado-pela-jf-participa-de-reunioes-no-governo-lula\/"},"modified":"2024-10-16T14:19:30","modified_gmt":"2024-10-16T14:19:30","slug":"delator-da-odebrecht-contratado-pela-jf-participa-de-reunioes-no-governo-lula","status":"publish","type":"post","link":"https:\/\/tvbrazilusa.com\/pt\/2024\/10\/16\/delator-da-odebrecht-contratado-pela-jf-participa-de-reunioes-no-governo-lula\/","title":{"rendered":"Delator da Odebrecht, contratado pela JF, participa de reuni\u00f5es no governo Lula."},"content":{"rendered":"<p> <script async src=\"https:\/\/pagead2.googlesyndication.com\/pagead\/js\/adsbygoogle.js?client=ca-pub-8864793242727901\"\r\n     crossorigin=\"anonymous\"><\/script><br \/>\n<\/p>\n<div id=\"taboola-read-more\" style=\"display:block; width:100%\">\n<p>Jo\u00e3o Carlos Mariz Nogueira, ex-delator da Odebrecht, foi contratado pela J&#038;F, dos irm\u00e3os Joesley e Wesley Batista, e tem participado de reuni\u00f5es do governo Luiz In\u00e1cio Lula da Silva. O executivo atua como diretor de rela\u00e7\u00f5es internacionais na \u00e1rea de novos neg\u00f3cios do grupo.\n<\/p>\n<p>Nogueira j\u00e1 representou a Novonor (Odebrecht) e o Sindicato Nacional da Ind\u00fastria da Constru\u00e7\u00e3o Pesada (Sinicon) em compromissos durante o in\u00edcio da gest\u00e3o petista, quando atuava como consultor.<\/p>\n<p>Entre 2023 e 2024, ele esteve no Pal\u00e1cio do Planalto em pelo menos 14 ocasi\u00f5es. No entanto, o nome de Jo\u00e3o Carlos Mariz Nogueira s\u00f3 constou nas agendas de autoridades em cinco dessas datas. As informa\u00e7\u00f5es s\u00e3o da Folha de S.Paulo.\n<\/p>\n<p><strong>Suspeitas e absolvi\u00e7\u00f5es do delator da Odebrecht<\/strong><br \/>As suspeitas envolvendo Nogueira resultaram em uma a\u00e7\u00e3o penal, mas ele e outros j\u00e1 foram absolvidos. A defesa dele aguarda o arquivamento da a\u00e7\u00e3o de improbidade.\n<\/p>\n<p>A Secretaria de Comunica\u00e7\u00e3o Social informou que os encontros de Nogueira no Planalto ocorreram com integrantes da Assessoria Especial do presidente, mas n\u00e3o especificou nomes.\n<\/p>\n<p><strong>Visitas de representante da J&#038;F ao governo Lula<\/strong><br \/>Documentos do Pal\u00e1cio do Planalto indicam que a primeira visita de Nogueira ocorreu em 2 de fevereiro de 2023. Em 21 de mar\u00e7o, ele representou o Sinicon em um encontro com o ministro Paulo Pimenta, classificado como uma \u201cvisita de cortesia\u201d.\n<\/p>\n<p>Em 2024, compareceu ao Planalto nos dias 1\u00ba e 23 de fevereiro, no mesmo hor\u00e1rio dos irm\u00e3os Batista, que se reuniram com Celso Amorim, assessor especial da Presid\u00eancia. A Secom afirmou que Nogueira n\u00e3o participou dessa conversa.\n<\/p>\n<p><strong>Envolvimento dos irm\u00e3os Batista<\/strong><br \/>Os irm\u00e3os Batista, r\u00e9us confessos de esquemas de corrup\u00e7\u00e3o no governo Lula, foram afastados do conselho de administra\u00e7\u00e3o da JBS. Eles firmaram acordos de dela\u00e7\u00e3o premiada em 2017. Mas, desde 2023, foram ao Planalto pelo menos cinco vezes, em reuni\u00f5es fora da agenda de autoridades.\n<\/p>\n<p>Em 2023, o ministro Dias Toffoli suspendeu um acordo de leni\u00eancia da J&#038;F com o Minist\u00e9rio P\u00fablico, a pedido dos Batistas. A J&#038;F afirmou que Nogueira \u201crepresentou a empresa em reuni\u00f5es sobre investimentos em petr\u00f3leo, g\u00e1s e energia, na Argentina e na Bol\u00edvia\u201d.\n<\/p>\n<p><strong>Atua\u00e7\u00e3o em investimentos internacionais<\/strong><br \/>Entre mar\u00e7o e maio, ele teve quatro encontros registrados com Audo Faleiro sobre esses investimentos. Nogueira tamb\u00e9m representou a Novonor em encontro com o vice-presidente e ministro do Desenvolvimento, Ind\u00fastria, Com\u00e9rcio e Servi\u00e7os, Geraldo Alckmin, em mar\u00e7o de 2023.\n<\/p>\n<p>A companhia informou que Nogueira deixou a empresa em 2019, per\u00edodo em que atuou como consultor em agendas sobre pol\u00edticas de cr\u00e9dito \u00e0 exporta\u00e7\u00e3o. O Sinicon declarou que Nogueira atuou como membro do Comit\u00ea de Cr\u00e9dito \u00e0 Exporta\u00e7\u00e3o, composto por representantes das empresas associadas.\n<\/p>\n<p>Fonte: Revista Oesste <\/p>\n<\/div>\n<p><br \/>\n<br \/><a href=\"https:\/\/diariodobrasilnoticias.com.br\/noticia\/delator-da-odebrecht-contratado-pela-jf-participa-de-reunioes-no-governo-lula-670f9d1ca51b4\">Source link <\/a><\/p>","protected":false},"excerpt":{"rendered":"<p>Jo\u00e3o Carlos Mariz Nogueira, ex-delator da Odebrecht, foi contratado pela J&#038;F, dos irm\u00e3os Joesley e Wesley Batista, e tem participado de reuni\u00f5es do governo Luiz In\u00e1cio Lula da Silva. O&hellip;<\/p>","protected":false},"author":1,"featured_media":48705,"comment_status":"closed","ping_status":"open","sticky":false,"template":"","format":"standard","meta":{"content-type":"","footnotes":""},"categories":[16],"tags":[123,2448,5313,1267],"class_list":["post-48704","post","type-post","status-publish","format-standard","has-post-thumbnail","hentry","category-noticias","tag-brasil","tag-diario","tag-noticia","tag-noticias"],"_links":{"self":[{"href":"https:\/\/tvbrazilusa.com\/pt\/wp-json\/wp\/v2\/posts\/48704","targetHints":{"allow":["GET"]}}],"collection":[{"href":"https:\/\/tvbrazilusa.com\/pt\/wp-json\/wp\/v2\/posts"}],"about":[{"href":"https:\/\/tvbrazilusa.com\/pt\/wp-json\/wp\/v2\/types\/post"}],"author":[{"embeddable":true,"href":"https:\/\/tvbrazilusa.com\/pt\/wp-json\/wp\/v2\/users\/1"}],"replies":[{"embeddable":true,"href":"https:\/\/tvbrazilusa.com\/pt\/wp-json\/wp\/v2\/comments?post=48704"}],"version-history":[{"count":1,"href":"https:\/\/tvbrazilusa.com\/pt\/wp-json\/wp\/v2\/posts\/48704\/revisions"}],"predecessor-version":[{"id":48706,"href":"https:\/\/tvbrazilusa.com\/pt\/wp-json\/wp\/v2\/posts\/48704\/revisions\/48706"}],"wp:featuredmedia":[{"embeddable":true,"href":"https:\/\/tvbrazilusa.com\/pt\/wp-json\/wp\/v2\/media\/48705"}],"wp:attachment":[{"href":"https:\/\/tvbrazilusa.com\/pt\/wp-json\/wp\/v2\/media?parent=48704"}],"wp:term":[{"taxonomy":"category","embeddable":true,"href":"https:\/\/tvbrazilusa.com\/pt\/wp-json\/wp\/v2\/categories?post=48704"},{"taxonomy":"post_tag","embeddable":true,"href":"https:\/\/tvbrazilusa.com\/pt\/wp-json\/wp\/v2\/tags?post=48704"}],"curies":[{"name":"wp","href":"https:\/\/api.w.org\/{rel}","templated":true}]}}