{"id":48713,"date":"2024-10-16T14:51:00","date_gmt":"2024-10-16T14:51:00","guid":{"rendered":"https:\/\/tvbrazilusa.com\/2024\/10\/16\/candidato-derrotado-em-curitiba-afirma-que-comecou-a-perder-a-eleicao-apos-aceitar-a-esposa-de-moro-como-vice\/"},"modified":"2024-10-16T14:51:01","modified_gmt":"2024-10-16T14:51:01","slug":"candidato-derrotado-em-curitiba-afirma-que-comecou-a-perder-a-eleicao-apos-aceitar-a-esposa-de-moro-como-vice","status":"publish","type":"post","link":"https:\/\/tvbrazilusa.com\/pt\/2024\/10\/16\/candidato-derrotado-em-curitiba-afirma-que-comecou-a-perder-a-eleicao-apos-aceitar-a-esposa-de-moro-como-vice\/","title":{"rendered":"Candidato derrotado em Curitiba afirma que come\u00e7ou a perder a elei\u00e7\u00e3o ap\u00f3s aceitar a esposa de Moro como vice."},"content":{"rendered":"<p> <script async src=\"https:\/\/pagead2.googlesyndication.com\/pagead\/js\/adsbygoogle.js?client=ca-pub-8864793242727901\"\r\n     crossorigin=\"anonymous\"><\/script><br \/>\n<\/p>\n<div id=\"taboola-read-more\" style=\"display:block; width:100%\">\n<p>Derrotado na corrida \u00e0 Prefeitura de Curitiba no primeiro turno, o deputado estadual Ney Leprevost (Uni\u00e3o Brasil) disse nesta ter\u00e7a-feira (15) que a entrada do senador Sergio Moro (Uni\u00e3o Brasil) e da deputada federal Ros\u00e2ngela Moro (Uni\u00e3o Brasil) na sua chapa &#8220;n\u00e3o deu liga&#8221; e contribuiu para o resultado nas urnas.\n<\/p>\n<p>&#8220;Moro atrapalhou bastante. N\u00e3o que seja culpa dele o fato de eu n\u00e3o ter vencido, mas ele atrapalhou bastante. E ele \u00e9 ruim de lidar, de dif\u00edcil trato, vaidoso&#8221;, disse Leprevost, em entrevista \u00e0 Folha.<\/p>\n<p>O deputado concorreu \u00e0 cadeira de prefeito tendo como vice Ros\u00e2ngela, que entrou na chapa ap\u00f3s uma costura do presidente nacional do Uni\u00e3o Brasil, Antonio Rueda. Eles acabaram apenas em quarto lugar, com 6,5% dos votos v\u00e1lidos.\n<\/p>\n<p>&#8220;Acho que eu comecei a perder a campanha quando cometi o erro de aceitar o pedido do Uni\u00e3o Brasil nacional de colocar a mulher do Moro de minha vice. Eu gosto da Ros\u00e2ngela, ela \u00e9 boa gente, uma querida. Mas o Moro atrapalhou. Ele come\u00e7ou a achar que o candidato era ele. E ele agregou muita rejei\u00e7\u00e3o \u00e0 campanha. Porque ele \u00e9 visto em Curitiba como o carrasco do Lula e o traidor do Bolsonaro&#8221;, disse Leprevost.\n<\/p>\n<p>O deputado acredita que, al\u00e9m disso, Moro n\u00e3o conseguiu trazer os votos do eleitor simp\u00e1tico ao lava-jatismo, j\u00e1 que o ex-procurador Deltan Dallagnol (Novo) apoiou um advers\u00e1rio, Eduardo Pimentel (PSD).\n<\/p>\n<p>Pimentel e Cristina Graeml (PMB) est\u00e3o no segundo turno da disputa. O Uni\u00e3o Brasil em Curitiba, presidido por Leprevost, optou agora pela neutralidade, liberando os filiados.\n<\/p>\n<p>O deputado admitiu que ele e Moro j\u00e1 n\u00e3o estavam mais se falando na reta final da campanha. Um distanciamento ocorreu cerca de dez dias antes do primeiro turno.\n<\/p>\n<p>&#8220;Ele queria ficar saindo na propaganda de televis\u00e3o. Mas eu s\u00f3 tinha 1 minuto e 12 segundos de televis\u00e3o. N\u00e3o podia ficar colocando ele o tempo todo. E ele ficou bravo e largou a campanha no final&#8221;, disse ele.\n<\/p>\n<p>Leprevost disse ainda: &#8220;A partir do momento que ela virou minha vice, o Moro passou a achar que eu era um fantoche dele, para ficar fazendo a pr\u00e9-campanha dele de governador. E eu era um candidato para competir de verdade. A\u00ed come\u00e7ou a ter um estresse. Ele come\u00e7ou a plantar por a\u00ed que ele estava sendo boicotado na campanha&#8221;.\n<\/p>\n<p>Moro tem planos de se lan\u00e7ar candidato ao Governo do Paran\u00e1 em 2026, e uma vit\u00f3ria em Curitiba era considerada estrat\u00e9gica.\n<\/p>\n<p>&#8220;Eu n\u00e3o quero caminhar politicamente com Moro. E acho que ele tamb\u00e9m n\u00e3o quer caminhar comigo. Eu n\u00e3o estarei com ele para o governo em 2026. Se ele for o candidato do Uni\u00e3o Brasil, eu terei que sair do partido&#8221;, disse Leprevost.\n<\/p>\n<p>&#8220;N\u00e3o sou inimigo do Moro, n\u00e3o quero mal dele, mas tamb\u00e9m n\u00e3o quero papo com ele&#8221;, continuou o deputado.\n<\/p>\n<p>O casal Moro ainda n\u00e3o se manifestou sobre quem apoiar\u00e1 no segundo turno em Curitiba.\n<\/p>\n<p>Conhecido pela atua\u00e7\u00e3o na Opera\u00e7\u00e3o Lava Jato, Moro deixou a cadeira de juiz federal no final de 2018, convidado para ser ministro de Jair Bolsonaro, ent\u00e3o presidente eleito. Desde ent\u00e3o, sua trajet\u00f3ria pol\u00edtica tem sido tumultuada.\n<\/p>\n<p>Em 2020, pediu demiss\u00e3o ap\u00f3s uma s\u00e9rie de atritos com o ent\u00e3o presidente, a quem acusou de intervir na Pol\u00edcia Federal.\n<\/p>\n<p>Moro sofreu uma dura derrota no STF (Supremo Tribunal Federal), que o considerou parcial nas a\u00e7\u00f5es em que atuou como juiz federal contra o ex-presidente Lula (PT). Com isso, foram anuladas a\u00e7\u00f5es dos casos tr\u00edplex, s\u00edtio de Atibaia e Instituto Lula.\n<\/p>\n<p>Em 2021, ele se filiou ao partido Podemos, mirando as elei\u00e7\u00f5es presidenciais em 2022. Mas, perto da data final para mudan\u00e7as partid\u00e1rias, o ex-juiz abandonou o Podemos, surpreendendo correligion\u00e1rios.\n<\/p>\n<p>Ele migrou para o Uni\u00e3o Brasil e n\u00e3o conseguiu espa\u00e7o para se lan\u00e7ar ao Planalto, optando pelo Senado. Inicialmente se lan\u00e7aria no estado de S\u00e3o Paulo, mas foi barrado pela Justi\u00e7a Eleitoral e se candidatou no Paran\u00e1, vencendo a disputa.\n<\/p>\n<p>Neste ano, al\u00e9m de Curitiba, o senador atuou na campanha de aliados em outras cidades paranaenses, mas colheu derrotas tamb\u00e9m em S\u00e3o Jos\u00e9 dos Pinhais, Guarapuava e Cascavel.\n<\/p>\n<p>Fonte: Folha de S. Paulo <\/p>\n<\/div>\n<p><br \/>\n<br \/><a href=\"https:\/\/diariodobrasilnoticias.com.br\/noticia\/candidato-derrotado-em-curitiba-afirma-que-comecou-a-perder-a-eleicao-apos-aceitar-a-esposa-de-moro-como-vice-670faeec5bdee\">Source link <\/a><\/p>","protected":false},"excerpt":{"rendered":"<p>Derrotado na corrida \u00e0 Prefeitura de Curitiba no primeiro turno, o deputado estadual Ney Leprevost (Uni\u00e3o Brasil) disse nesta ter\u00e7a-feira (15) que a entrada do senador Sergio Moro (Uni\u00e3o Brasil)&hellip;<\/p>","protected":false},"author":1,"featured_media":48714,"comment_status":"closed","ping_status":"open","sticky":false,"template":"","format":"standard","meta":{"content-type":"","footnotes":""},"categories":[16],"tags":[123,2448,5313,1267],"class_list":["post-48713","post","type-post","status-publish","format-standard","has-post-thumbnail","hentry","category-noticias","tag-brasil","tag-diario","tag-noticia","tag-noticias"],"_links":{"self":[{"href":"https:\/\/tvbrazilusa.com\/pt\/wp-json\/wp\/v2\/posts\/48713","targetHints":{"allow":["GET"]}}],"collection":[{"href":"https:\/\/tvbrazilusa.com\/pt\/wp-json\/wp\/v2\/posts"}],"about":[{"href":"https:\/\/tvbrazilusa.com\/pt\/wp-json\/wp\/v2\/types\/post"}],"author":[{"embeddable":true,"href":"https:\/\/tvbrazilusa.com\/pt\/wp-json\/wp\/v2\/users\/1"}],"replies":[{"embeddable":true,"href":"https:\/\/tvbrazilusa.com\/pt\/wp-json\/wp\/v2\/comments?post=48713"}],"version-history":[{"count":1,"href":"https:\/\/tvbrazilusa.com\/pt\/wp-json\/wp\/v2\/posts\/48713\/revisions"}],"predecessor-version":[{"id":48715,"href":"https:\/\/tvbrazilusa.com\/pt\/wp-json\/wp\/v2\/posts\/48713\/revisions\/48715"}],"wp:featuredmedia":[{"embeddable":true,"href":"https:\/\/tvbrazilusa.com\/pt\/wp-json\/wp\/v2\/media\/48714"}],"wp:attachment":[{"href":"https:\/\/tvbrazilusa.com\/pt\/wp-json\/wp\/v2\/media?parent=48713"}],"wp:term":[{"taxonomy":"category","embeddable":true,"href":"https:\/\/tvbrazilusa.com\/pt\/wp-json\/wp\/v2\/categories?post=48713"},{"taxonomy":"post_tag","embeddable":true,"href":"https:\/\/tvbrazilusa.com\/pt\/wp-json\/wp\/v2\/tags?post=48713"}],"curies":[{"name":"wp","href":"https:\/\/api.w.org\/{rel}","templated":true}]}}