{"id":48718,"date":"2024-10-16T14:53:39","date_gmt":"2024-10-16T14:53:39","guid":{"rendered":"https:\/\/tvbrazilusa.com\/2024\/10\/16\/kamala-harris-promete-descriminalizar-maconha-caso-seja-eleita-paulo-figueiredo\/"},"modified":"2024-10-16T15:05:31","modified_gmt":"2024-10-16T15:05:31","slug":"kamala-harris-promete-descriminalizar-maconha-caso-seja-eleita-paulo-figueiredo","status":"publish","type":"post","link":"https:\/\/tvbrazilusa.com\/pt\/2024\/10\/16\/kamala-harris-promete-descriminalizar-maconha-caso-seja-eleita-paulo-figueiredo\/","title":{"rendered":"Kamala Harris promete descriminalizar maconha caso seja eleita &#8211; Paulo Figueiredo"},"content":{"rendered":"<p> <script async src=\"https:\/\/pagead2.googlesyndication.com\/pagead\/js\/adsbygoogle.js?client=ca-pub-8864793242727901\"\r\n     crossorigin=\"anonymous\"><\/script><br \/>\n<\/p>\n<div id=\"wtr-content\" data-bg=\"#FFFFFF\" data-fg=\"#006d91\" data-width=\"25\" data-mute=\"1\" data-fgopacity=\"1.00\" data-mutedopacity=\"0.5\" data-placement=\"bottom\" data-placement-offset=\"0\" data-content-offset=\"262\" data-placement-touch=\"bottom\" data-placement-offset-touch=\"0\" data-transparent=\"\" data-shadow=\"0\" data-touch=\"1\" data-non-touch=\"1\" data-comments=\"0\" data-commentsbg=\"transparent\" data-location=\"page\" data-mutedfg=\"#006d91\" data-endfg=\"#006d91\" data-rtl=\"\">\n<h3 class=\"wp-block-heading\">A candidata democrata \u00e0 presid\u00eancia dos EUA, Kamala Harris, afirmou ser favor\u00e1vel \u00e0 descriminaliza\u00e7\u00e3o da maconha<\/h3>\n<p>A candidata democrata \u00e0 presid\u00eancia dos EUA, Kamala Harris, afirmou em sua conta oficial no X que \u00e9 favor\u00e1vel \u00e0 descriminaliza\u00e7\u00e3o da maconha.<\/p>\n<p>Em uma publica\u00e7\u00e3o desta ter\u00e7a-feira (15), a ex-promotora disse que \u201cningu\u00e9m deveria ir para a cadeia por fumar maconha\u201d, prometendo a legaliza\u00e7\u00e3o do uso recreativo da droga, caso seja eleita no dia 5 de novembro.<\/p>\n<p>Segundo a democrata, a legaliza\u00e7\u00e3o da maconha \u201cromper\u00e1 barreiras injustas que atrasam homens negros e outros americanos\u201d, e permitir\u00e1 que \u201cnegros americanos tenham as mesmas oportunidades de sucesso assim que o mercado de trabalho se reestruturar\u201d.<\/p>\n<p>Ela j\u00e1 havia tocado no assunto durante uma entrevista ao programa de r\u00e1dio \u201cThe Breakfast Club\u201d neste mesmo dia, com o apresentador e humorista Charlamagne tha God.<\/p>\n<p>\u201cEu fui a promotora mais progressista da Calif\u00f3rnia em casos de maconha e n\u00e3o mandava pessoas para a pris\u00e3o por posse simples de maconha. E, como vice-presidente, fui uma defensora do rebaixamento da classifica\u00e7\u00e3o da maconha. Ent\u00e3o, em vez de ela ser classificada junto com a hero\u00edna, n\u00f3s a rebaixamos. E minha promessa \u00e9 que, como presidente, vou trabalhar para descriminaliz\u00e1-la porque sei exatamente como essas leis foram usadas para impactar desproporcionalmente certas popula\u00e7\u00f5es, especialmente os homens negros\u201d, disse a democrata.<\/p>\n<p>A declara\u00e7\u00e3o surge em meio \u00e0 divulga\u00e7\u00e3o de pesquisas que indicam uma perda de apoio do eleitorado negro dos EUA para os democratas.<\/p>\n<p>Uma pesquisa divulgada pelo jornal New York Times e o Siena College, no dia 12 de outubro, mostrou que, de 589 eleitores negros com menos de 30 anos entrevistados, 40% consideram o Partido Republicano, cujo candidato \u00e9 Donald Trump, com maior probabilidade de cumprir seus compromissos de campanha do que os democratas.<\/p>\n<p>No in\u00edcio de setembro,\u00a0Trump tamb\u00e9m sinalizou apoio \u00e0 legaliza\u00e7\u00e3o da maconha\u00a0ao declarar seu apoio ao uso recreativo da droga no estado da Fl\u00f3rida.<\/p>\n<p>\u201cComo afirmei anteriormente, acredito que \u00e9 hora de acabar com pris\u00f5es e encarceramentos desnecess\u00e1rios de adultos por pequenas quantidades de maconha para uso pessoal\u201d, disse na ocasi\u00e3o em sua rede social Truth Social.<\/p>\n<p>Na publica\u00e7\u00e3o, o republicano ainda refor\u00e7ou seus planos em rela\u00e7\u00e3o ao assunto caso seja reeleito. \u201cComo presidente, continuaremos a focar na pesquisa para permitir o uso de maconha em quest\u00f5es m\u00e9dicas, e trabalhar com o Congresso para aprovar leis de senso comum, incluindo servi\u00e7os banc\u00e1rios seguros para empresas autorizadas pelo estado, e apoiar os direitos dos estados de aprovar leis sobre a maconha, como na Fl\u00f3rida\u201d, declarou.<\/p>\n<p><strong><a href=\"https:\/\/www.gazetadopovo.com.br\/mundo\/kamala-harris-promete-descriminalizar-maconha-se-vencer-eleicao-presidencial\/\">Source link<\/a><\/strong><\/p>\n<\/div>\n<p><br \/>\n<br \/><a href=\"https:\/\/paulofigueiredoshow.com\/kamala-harris-promete-descriminalizar-maconha-caso-seja-eleita\/\">Source link <\/a><\/p>","protected":false},"excerpt":{"rendered":"<p>A candidata democrata \u00e0 presid\u00eancia dos EUA, Kamala Harris, afirmou ser favor\u00e1vel \u00e0 descriminaliza\u00e7\u00e3o da maconha A candidata democrata \u00e0 presid\u00eancia dos EUA, Kamala Harris, afirmou em sua conta oficial&hellip;<\/p>","protected":false},"author":1,"featured_media":6400,"comment_status":"closed","ping_status":"open","sticky":false,"template":"","format":"standard","meta":{"content-type":"","footnotes":""},"categories":[16],"tags":[2014,592,1535,2340,7152,24586],"class_list":["post-48718","post","type-post","status-publish","format-standard","has-post-thumbnail","hentry","category-noticias","tag-2014","tag-eua","tag-kamala","tag-maconha","tag-planos","tag-promessa"],"_links":{"self":[{"href":"https:\/\/tvbrazilusa.com\/pt\/wp-json\/wp\/v2\/posts\/48718","targetHints":{"allow":["GET"]}}],"collection":[{"href":"https:\/\/tvbrazilusa.com\/pt\/wp-json\/wp\/v2\/posts"}],"about":[{"href":"https:\/\/tvbrazilusa.com\/pt\/wp-json\/wp\/v2\/types\/post"}],"author":[{"embeddable":true,"href":"https:\/\/tvbrazilusa.com\/pt\/wp-json\/wp\/v2\/users\/1"}],"replies":[{"embeddable":true,"href":"https:\/\/tvbrazilusa.com\/pt\/wp-json\/wp\/v2\/comments?post=48718"}],"version-history":[{"count":1,"href":"https:\/\/tvbrazilusa.com\/pt\/wp-json\/wp\/v2\/posts\/48718\/revisions"}],"predecessor-version":[{"id":48719,"href":"https:\/\/tvbrazilusa.com\/pt\/wp-json\/wp\/v2\/posts\/48718\/revisions\/48719"}],"wp:featuredmedia":[{"embeddable":true,"href":"https:\/\/tvbrazilusa.com\/pt\/wp-json\/wp\/v2\/media\/6400"}],"wp:attachment":[{"href":"https:\/\/tvbrazilusa.com\/pt\/wp-json\/wp\/v2\/media?parent=48718"}],"wp:term":[{"taxonomy":"category","embeddable":true,"href":"https:\/\/tvbrazilusa.com\/pt\/wp-json\/wp\/v2\/categories?post=48718"},{"taxonomy":"post_tag","embeddable":true,"href":"https:\/\/tvbrazilusa.com\/pt\/wp-json\/wp\/v2\/tags?post=48718"}],"curies":[{"name":"wp","href":"https:\/\/api.w.org\/{rel}","templated":true}]}}