{"id":48722,"date":"2024-10-16T15:18:45","date_gmt":"2024-10-16T15:18:45","guid":{"rendered":"https:\/\/tvbrazilusa.com\/2024\/10\/16\/eleicoes-em-natal-lula-forca-uma-agenda-administrativa-para-alavancar-a-campanha-ja-que-o-petista-esta-atras-nas-pesquisas\/"},"modified":"2024-10-16T15:18:46","modified_gmt":"2024-10-16T15:18:46","slug":"eleicoes-em-natal-lula-forca-uma-agenda-administrativa-para-alavancar-a-campanha-ja-que-o-petista-esta-atras-nas-pesquisas","status":"publish","type":"post","link":"https:\/\/tvbrazilusa.com\/pt\/2024\/10\/16\/eleicoes-em-natal-lula-forca-uma-agenda-administrativa-para-alavancar-a-campanha-ja-que-o-petista-esta-atras-nas-pesquisas\/","title":{"rendered":"Elei\u00e7\u00f5es em Natal: Lula for\u00e7a uma agenda administrativa para alavancar a campanha, j\u00e1 que o petista est\u00e1 atr\u00e1s nas pesquisas"},"content":{"rendered":"<p> <script async src=\"https:\/\/pagead2.googlesyndication.com\/pagead\/js\/adsbygoogle.js?client=ca-pub-8864793242727901\"\r\n     crossorigin=\"anonymous\"><\/script><br \/>\n<\/p>\n<div id=\"taboola-read-more\" style=\"display:block; width:100%\">\n<p>O presidente Luiz In\u00e1cio Lula da Silva chega hoje (16) \u00e0 Natal acompanhado de uma grande comitiva de ministros. Oficialmente ele vem anunciar a\u00e7\u00f5es do Governo Federal na capital Potiguar. Mas, na verdade, todos sabem que a agenda for\u00e7ada neste segundo turno \u00e9 para tentar salvar a campanha da candidata petista Nat\u00e1lia Bonavides, que est\u00e1 perdendo a disputa para Paulinho Freire (Uni\u00e3o Brasil).\n<\/p>\n<p>A a\u00e7\u00e3o de promessas do Governo Federal inclui refor\u00e7o e participa\u00e7\u00e3o de representantes dos minist\u00e9rios dos Transportes, Portos e Aeroportos, Cidades, Rela\u00e7\u00f5es Institucionais, Secretaria-Geral da Presid\u00eancia, Desenvolvimento e Assist\u00eancia Social, Fam\u00edlia e Combate \u00e0 Fome, al\u00e9m da Casa Civil. Depois a cerim\u00f4nia administrativa, Lula segue para com\u00edcio na Zona Norte de Natal.<\/p>\n<p>Pesquisa Futura\/Exame , divulgada nessa segunda-feira (14), mostra que Paulinho Freire lidera a disputa em Natal com 56,6%, enquanto Nat\u00e1lia tem 36,5%.\n<\/p>\n<p><strong>Veja<\/strong> <\/p>\n<\/div>\n<p><br \/>\n<br \/><a href=\"https:\/\/diariodobrasilnoticias.com.br\/noticia\/lula-forca-uma-agenda-administrativa-para-alavancar-a-campanha-em-natal-ja-que-o-petista-esta-atras-nas-pesquisas-670fb09ac7911\">Source link <\/a><\/p>","protected":false},"excerpt":{"rendered":"<p>O presidente Luiz In\u00e1cio Lula da Silva chega hoje (16) \u00e0 Natal acompanhado de uma grande comitiva de ministros. Oficialmente ele vem anunciar a\u00e7\u00f5es do Governo Federal na capital Potiguar.&hellip;<\/p>","protected":false},"author":1,"featured_media":48723,"comment_status":"closed","ping_status":"open","sticky":false,"template":"","format":"standard","meta":{"content-type":"","footnotes":""},"categories":[16],"tags":[123,2448,5313,1267],"class_list":["post-48722","post","type-post","status-publish","format-standard","has-post-thumbnail","hentry","category-noticias","tag-brasil","tag-diario","tag-noticia","tag-noticias"],"_links":{"self":[{"href":"https:\/\/tvbrazilusa.com\/pt\/wp-json\/wp\/v2\/posts\/48722","targetHints":{"allow":["GET"]}}],"collection":[{"href":"https:\/\/tvbrazilusa.com\/pt\/wp-json\/wp\/v2\/posts"}],"about":[{"href":"https:\/\/tvbrazilusa.com\/pt\/wp-json\/wp\/v2\/types\/post"}],"author":[{"embeddable":true,"href":"https:\/\/tvbrazilusa.com\/pt\/wp-json\/wp\/v2\/users\/1"}],"replies":[{"embeddable":true,"href":"https:\/\/tvbrazilusa.com\/pt\/wp-json\/wp\/v2\/comments?post=48722"}],"version-history":[{"count":1,"href":"https:\/\/tvbrazilusa.com\/pt\/wp-json\/wp\/v2\/posts\/48722\/revisions"}],"predecessor-version":[{"id":48724,"href":"https:\/\/tvbrazilusa.com\/pt\/wp-json\/wp\/v2\/posts\/48722\/revisions\/48724"}],"wp:featuredmedia":[{"embeddable":true,"href":"https:\/\/tvbrazilusa.com\/pt\/wp-json\/wp\/v2\/media\/48723"}],"wp:attachment":[{"href":"https:\/\/tvbrazilusa.com\/pt\/wp-json\/wp\/v2\/media?parent=48722"}],"wp:term":[{"taxonomy":"category","embeddable":true,"href":"https:\/\/tvbrazilusa.com\/pt\/wp-json\/wp\/v2\/categories?post=48722"},{"taxonomy":"post_tag","embeddable":true,"href":"https:\/\/tvbrazilusa.com\/pt\/wp-json\/wp\/v2\/tags?post=48722"}],"curies":[{"name":"wp","href":"https:\/\/api.w.org\/{rel}","templated":true}]}}