{"id":48737,"date":"2024-10-16T15:14:57","date_gmt":"2024-10-16T15:14:57","guid":{"rendered":"https:\/\/tvbrazilusa.com\/2024\/10\/16\/desaprovacao-ao-governo-volta-a-avancar-e-empata-com-aprovacao-paulo-figueiredo-tv-florida-usa-a-sua-tv-brasileira-nos-estados-unidos\/"},"modified":"2024-10-16T15:55:37","modified_gmt":"2024-10-16T15:55:37","slug":"desaprovacao-ao-governo-volta-a-avancar-e-empata-com-aprovacao-paulo-figueiredo-tv-florida-usa-a-sua-tv-brasileira-nos-estados-unidos","status":"publish","type":"post","link":"https:\/\/tvbrazilusa.com\/pt\/2024\/10\/16\/desaprovacao-ao-governo-volta-a-avancar-e-empata-com-aprovacao-paulo-figueiredo-tv-florida-usa-a-sua-tv-brasileira-nos-estados-unidos\/","title":{"rendered":"Desaprova\u00e7\u00e3o ao governo volta a avan\u00e7ar e empata com aprova\u00e7\u00e3o \u2013 Paulo Figueiredo \u2013 TV Florida USA \u2013 A sua TV Brasileira nos Estados Unidos"},"content":{"rendered":"<p> <script async src=\"https:\/\/pagead2.googlesyndication.com\/pagead\/js\/adsbygoogle.js?client=ca-pub-8864793242727901\"\r\n     crossorigin=\"anonymous\"><\/script><br \/>\n<\/p>\n<div id=\"wtr-content\" data-bg=\"#FFFFFF\" data-fg=\"#006d91\" data-width=\"25\" data-mute=\"1\" data-fgopacity=\"1.00\" data-mutedopacity=\"0.5\" data-placement=\"bottom\" data-placement-offset=\"0\" data-content-offset=\"262\" data-placement-touch=\"bottom\" data-placement-offset-touch=\"0\" data-transparent=\"\" data-shadow=\"0\" data-touch=\"1\" data-non-touch=\"1\" data-comments=\"0\" data-commentsbg=\"transparent\" data-location=\"page\" data-mutedfg=\"#006d91\" data-endfg=\"#006d91\" data-rtl=\"\">\n<p class=\"has-small-font-size\">Foto \u2013 Reuters<\/p>\n<h3 class=\"wp-block-heading\">Pesquisa PoderData mostra que 46% dos eleitores dizem estar insatisfeitos com a gest\u00e3o petista; taxa oscilou 3 p.p. para cima em 2 meses<\/h3>\n<p>Foi de 43% para 46% a taxa de eleitores que declaram desaprovar o governo do presidente\u00a0Luiz In\u00e1cio Lula da Silva\u00a0(PT). O percentual oscilou 3 pontos percentuais para cima desde o\u00a0final de julho\u00a0e, agora, \u00e9 o mesmo do grupo que diz aprovar a gest\u00e3o petista. Os dados s\u00e3o de pesquisa\u00a0<strong>PoderData\u00a0<\/strong>realizada de 12 a 14 de outubro de 2024.<\/p>\n<p>O gr\u00e1fico a seguir mostra a\u00a0<strong>curva longa<\/strong>, desde o in\u00edcio do mandato, em janeiro de 2023. Na largada, com 1 m\u00eas no Pal\u00e1cio do Planalto, a curva de aprova\u00e7\u00e3o estava 13 pontos acima da de desaprova\u00e7\u00e3o. Agora, n\u00e3o h\u00e1 diferen\u00e7a.<\/p>\n<p>A pesquisa cujos dados s\u00e3o relatados neste texto foi realizada pelo\u00a0<strong>PoderData<\/strong>, empresa do grupo\u00a0<strong>Poder360<\/strong>\u00a0Jornalismo, com recursos pr\u00f3prios. Os dados foram coletados de 12 a 14 de outubro de 2024, por meio de liga\u00e7\u00f5es para celulares e telefones fixos. Foram 2.500 entrevistas em 181 munic\u00edpios nas 27 unidades da Federa\u00e7\u00e3o. A margem de erro \u00e9 de 2 pontos percentuais. O intervalo de confian\u00e7a \u00e9 de 95%.<\/p>\n<p>Para chegar a 2.500 entrevistas que preencham proporcionalmente (conforme aparecem na sociedade) os grupos por sexo, idade, renda, escolaridade e localiza\u00e7\u00e3o geogr\u00e1fica, o\u00a0<strong>PoderData<\/strong>\u00a0faz dezenas de milhares de telefonemas. Muitas vezes, s\u00e3o mais de 100 mil liga\u00e7\u00f5es at\u00e9 que sejam encontrados os entrevistados que representem de forma fiel o conjunto da popula\u00e7\u00e3o. <\/p>\n<h3 class=\"wp-block-heading\"><strong>RECORTES DEMOGR\u00c1FICOS<\/strong><\/h3>\n<p>O\u00a0<strong>Poder360\u00a0<\/strong>estratifica os dados por demografia (sexo, idade, escolaridade e renda). Eis os destaques:<\/p>\n<ul class=\"wp-block-list\">\n<li><strong>mais aprova\u00a0<\/strong>\u2013 o governo \u00e9 mais bem avaliado por jovens de 16 a 24 anos (<strong>60%<\/strong>) e por idosos de 60 anos ou mais (<strong>55%<\/strong>);<\/li>\n<li><strong>mais desaprova\u00a0<\/strong>\u2013 os percentuais de desaprova\u00e7\u00e3o s\u00e3o maiores dentre os que cursaram o ensino superior (<strong>54%<\/strong>) e os que ganham mais de 5 sal\u00e1rios m\u00ednimos (<strong>53%<\/strong>).<\/li>\n<\/ul>\n<div class=\"wp-block-image\">\n<figure class=\"aligncenter is-resized\"><\/figure>\n<\/div>\n<h3 class=\"wp-block-heading\"><strong>NORDESTINOS FI\u00c9IS A LULA<\/strong><\/h3>\n<p>A regi\u00e3o \u00e9 a \u00fanica em que mais de 50% da popula\u00e7\u00e3o declara aprovar a gest\u00e3o petista. No Sudeste, 46% se dizem satisfeitos e 44% insatisfeitos com o governo. Nas demais regi\u00f5es, a taxa de desaprova\u00e7\u00e3o \u00e0 administra\u00e7\u00e3o de Lula supera a de aprova\u00e7\u00e3o. <\/p>\n<div class=\"wp-block-image\">\n<figure class=\"aligncenter is-resized\"><img decoding=\"async\" src=\"https:\/\/static.poder360.com.br\/2024\/10\/pd-aprovacao-lula-14-out-2024-03.png\" alt=\"\" style=\"width:588px;height:auto\"\/><\/figure>\n<\/div>\n<h3 class=\"wp-block-heading\"><strong>CAT\u00d3LICOS E EVANG\u00c9LICOS<\/strong><\/h3>\n<p>Os fi\u00e9is das duas religi\u00f5es com mais seguidores no pa\u00eds se mant\u00eam em posi\u00e7\u00f5es antag\u00f4nicas quanto \u00e0 avalia\u00e7\u00e3o do governo: 55% dos cat\u00f3licos dizem aprovar a gest\u00e3o de Lula, enquanto 60% dos evang\u00e9licos declaram desaprovar.<\/p>\n<div class=\"wp-block-image\">\n<figure class=\"aligncenter is-resized\"><img decoding=\"async\" src=\"https:\/\/static.poder360.com.br\/2024\/10\/pd-aprovacao-lula-14-out-2024-06.png\" alt=\"\" style=\"width:624px;height:auto\"\/><\/figure>\n<\/div>\n<div class=\"wp-block-image\">\n<figure class=\"aligncenter is-resized\"><img decoding=\"async\" src=\"https:\/\/static.poder360.com.br\/2024\/10\/pd-aprovacao-lula-14-out-2024-07.png\" alt=\"\" style=\"width:628px;height:auto\"\/><\/figure>\n<\/div>\n<p>\u00c9 importante notar nos 2 gr\u00e1ficos acima que a aprova\u00e7\u00e3o e desaprova\u00e7\u00e3o ao governo Lula entre\u00a0<strong>evang\u00e9licos<\/strong>\u00a0t\u00eam se mantido relativamente est\u00e1veis depois de quase 22 meses de governo. J\u00e1 no caso de\u00a0<strong>cat\u00f3licos<\/strong>, a situa\u00e7\u00e3o mudou um pouco: a administra\u00e7\u00e3o petista come\u00e7ou em janeiro de 2023 com aprova\u00e7\u00e3o de 62%, taxa que agora recuou para 55%.<\/p>\n<h3 class=\"wp-block-heading\"><strong>TRABALHO PESSOAL DE LULA<\/strong><\/h3>\n<p>O percentual dos que consideram o trabalho pessoal de Lula \u201c\u00f3timo\/bom\u201d oscilou 1 ponto para baixo em 2 meses. Eram 31% ao final de julho. Agora, s\u00e3o 30%. A taxa dos que consideram \u201cruim\/p\u00e9ssimo\u201d n\u00e3o mudou no per\u00edodo: 31%.<\/p>\n<p>J\u00e1 a taxa daqueles que consideram o trabalho do petista \u201cregular\u201d subiu 21 pontos percentuais desde a\u00a0posse\u00a0e 13 pontos percentuais desde o in\u00edcio de 2024. Indica cautela ao petista, pois \u00e9 considerado um\u00a0<em>pit stop<\/em>\u00a0antes de os eleitores migrarem para uma avalia\u00e7\u00e3o mais firme, seja positiva ou negativa.<\/p>\n<div class=\"wp-block-image\">\n<figure class=\"aligncenter is-resized\"><img decoding=\"async\" src=\"https:\/\/static.poder360.com.br\/2024\/10\/pd-avaliacao-lula-14-out-2024-01.png\" alt=\"\" style=\"width:584px;height:auto\"\/><\/figure>\n<\/div>\n<h3 class=\"wp-block-heading\"><strong>ESTRATIFICA\u00c7\u00c3O<\/strong><\/h3>\n<p>O\u00a0<strong>Poder360\u00a0<\/strong>estratifica os dados por demografia (sexo, idade, escolaridade e renda). Eis os resultados:<\/p>\n<div class=\"wp-block-image\">\n<figure class=\"aligncenter is-resized\"><img decoding=\"async\" src=\"https:\/\/static.poder360.com.br\/2024\/10\/pd-avaliacao-lula-14-out-2024-02.png\" alt=\"\" style=\"width:554px;height:auto\"\/><\/figure>\n<\/div>\n<h3 class=\"wp-block-heading\"><strong>METODOLOGIA\u00a0<\/strong><\/h3>\n<p>A pesquisa\u00a0<strong>PoderData<\/strong>\u00a0foi realizada de 12 a 14 de outubro de 2024. Foram entrevistadas 2.500 pessoas com 16 anos de idade ou mais em 181 munic\u00edpios nas 27 unidades da Federa\u00e7\u00e3o. Foi aplicada uma pondera\u00e7\u00e3o param\u00e9trica para compensar desproporcionalidades nas vari\u00e1veis de sexo, idade, grau de instru\u00e7\u00e3o, regi\u00e3o e renda. A margem de erro \u00e9 de 2 pontos percentuais, para mais ou para menos.<\/p>\n<p>As entrevistas foram realizadas por telefone (para linhas fixas e de celulares), por meio do sistema URA (Unidade de Resposta Aud\u00edvel), em que o entrevistado ouve perguntas gravadas e responde por meio do teclado do aparelho. O intervalo de confian\u00e7a do estudo \u00e9 de 95%.<\/p>\n<p>Para facilitar a leitura, os resultados da pesquisa foram arredondados. Por causa desse processo, \u00e9 poss\u00edvel que o somat\u00f3rio de algum dos resultados seja diferente de 100. Diferen\u00e7as entre as frequ\u00eancias totais e os percentuais em tabelas de cruzamento de vari\u00e1veis podem aptaarecer por conta de ocorr\u00eancias de n\u00e3o resposta. Este estudo foi realizado com recursos pr\u00f3prios\u00a0<strong>do PoderData<\/strong>, empresa de pesquisas que faz parte do grupo de m\u00eddia\u00a0<strong>Poder360<\/strong>\u00a0Jornalismo.<\/p>\n<div class=\"wp-block-image\">\n<figure class=\"aligncenter is-resized\"><img decoding=\"async\" src=\"https:\/\/static.poder360.com.br\/2024\/10\/pd-perfil-amostra-14-out-2024_Artboard-2t.png\" alt=\"\" style=\"width:530px;height:auto\"\/><\/figure>\n<\/div>\n<p><strong><a rel=\"nofollow noopener\" target=\"_blank\" href=\"https:\/\/www.poder360.com.br\/poderdata\/desaprovacao-ao-governo-volta-a-avancar-e-empata-com-aprovacao\/\">Source link<\/a><\/strong><\/p>\n<\/div>\n<p><br \/>\n<br \/><a href=\"https:\/\/tvfloridausa.com\/2024\/10\/16\/desaprovacao-ao-governo-volta-a-avancar-e-empata-com-aprovacao-paulo-figueiredo\/\">Source link <\/a><\/p>","protected":false},"excerpt":{"rendered":"<p>Foto \u2013 Reuters Pesquisa PoderData mostra que 46% dos eleitores dizem estar insatisfeitos com a gest\u00e3o petista; taxa oscilou 3 p.p. para cima em 2 meses Foi de 43% para&hellip;<\/p>","protected":false},"author":1,"featured_media":48738,"comment_status":"closed","ping_status":"open","sticky":false,"template":"","format":"standard","meta":{"content-type":"","footnotes":""},"categories":[22],"tags":[],"class_list":["post-48737","post","type-post","status-publish","format-standard","has-post-thumbnail","hentry","category-tv-florida-usa"],"_links":{"self":[{"href":"https:\/\/tvbrazilusa.com\/pt\/wp-json\/wp\/v2\/posts\/48737","targetHints":{"allow":["GET"]}}],"collection":[{"href":"https:\/\/tvbrazilusa.com\/pt\/wp-json\/wp\/v2\/posts"}],"about":[{"href":"https:\/\/tvbrazilusa.com\/pt\/wp-json\/wp\/v2\/types\/post"}],"author":[{"embeddable":true,"href":"https:\/\/tvbrazilusa.com\/pt\/wp-json\/wp\/v2\/users\/1"}],"replies":[{"embeddable":true,"href":"https:\/\/tvbrazilusa.com\/pt\/wp-json\/wp\/v2\/comments?post=48737"}],"version-history":[{"count":1,"href":"https:\/\/tvbrazilusa.com\/pt\/wp-json\/wp\/v2\/posts\/48737\/revisions"}],"predecessor-version":[{"id":48739,"href":"https:\/\/tvbrazilusa.com\/pt\/wp-json\/wp\/v2\/posts\/48737\/revisions\/48739"}],"wp:featuredmedia":[{"embeddable":true,"href":"https:\/\/tvbrazilusa.com\/pt\/wp-json\/wp\/v2\/media\/48738"}],"wp:attachment":[{"href":"https:\/\/tvbrazilusa.com\/pt\/wp-json\/wp\/v2\/media?parent=48737"}],"wp:term":[{"taxonomy":"category","embeddable":true,"href":"https:\/\/tvbrazilusa.com\/pt\/wp-json\/wp\/v2\/categories?post=48737"},{"taxonomy":"post_tag","embeddable":true,"href":"https:\/\/tvbrazilusa.com\/pt\/wp-json\/wp\/v2\/tags?post=48737"}],"curies":[{"name":"wp","href":"https:\/\/api.w.org\/{rel}","templated":true}]}}