{"id":48740,"date":"2024-10-16T15:51:15","date_gmt":"2024-10-16T15:51:15","guid":{"rendered":"https:\/\/tvbrazilusa.com\/2024\/10\/16\/pgr-pede-arquivamento-de-acao-contra-transparencia-internacional-na-lava-jato-paulo-figueiredo\/"},"modified":"2024-10-16T15:59:36","modified_gmt":"2024-10-16T15:59:36","slug":"pgr-pede-arquivamento-de-acao-contra-transparencia-internacional-na-lava-jato-paulo-figueiredo","status":"publish","type":"post","link":"https:\/\/tvbrazilusa.com\/pt\/2024\/10\/16\/pgr-pede-arquivamento-de-acao-contra-transparencia-internacional-na-lava-jato-paulo-figueiredo\/","title":{"rendered":"PGR pede arquivamento de a\u00e7\u00e3o contra Transpar\u00eancia Internacional na Lava Jato &#8211; Paulo Figueiredo"},"content":{"rendered":"<p> <script async src=\"https:\/\/pagead2.googlesyndication.com\/pagead\/js\/adsbygoogle.js?client=ca-pub-8864793242727901\"\r\n     crossorigin=\"anonymous\"><\/script><br \/>\n<\/p>\n<div id=\"wtr-content\" data-bg=\"#FFFFFF\" data-fg=\"#006d91\" data-width=\"25\" data-mute=\"1\" data-fgopacity=\"1.00\" data-mutedopacity=\"0.5\" data-placement=\"bottom\" data-placement-offset=\"0\" data-content-offset=\"262\" data-placement-touch=\"bottom\" data-placement-offset-touch=\"0\" data-transparent=\"\" data-shadow=\"0\" data-touch=\"1\" data-non-touch=\"1\" data-comments=\"0\" data-commentsbg=\"transparent\" data-location=\"page\" data-mutedfg=\"#006d91\" data-endfg=\"#006d91\" data-rtl=\"\">\n<h3 class=\"wp-block-heading\">Procurador argumentou a Dias Toffoli que n\u00e3o h\u00e1 elementos para o MPF seguir investigando a ong.<\/h3>\n<p>O procurador-geral da Rep\u00fablica, Paulo Gonet, pediu ao Supremo Tribunal Federal (STF) que arquive o inqu\u00e9rito que envolve a atua\u00e7\u00e3o da ong Transpar\u00eancia Internacional na suposta ger\u00eancia de recursos do acordo de leni\u00eancia da JBS no \u00e2mbito da Opera\u00e7\u00e3o Lava Jato.<\/p>\n<p>O pedido foi enviado por Gonet na ter\u00e7a (15) e tornado p\u00fablico nesta quarta (16). Ele argumenta ao ministro Dias Toffoli, relator do caso na Corte, que n\u00e3o h\u00e1 \u201celementos m\u00ednimos de convic\u00e7\u00e3o que justifiquem a continuidade das investiga\u00e7\u00f5es pelo Minist\u00e9rio P\u00fablico Federal\u201d, de acordo com o despacho a que a\u00a0<strong>Gazeta do Povo<\/strong>\u00a0teve acesso.<\/p>\n<p>Segundo as apura\u00e7\u00f5es, Gonet tamb\u00e9m afirmou no pedido que o STF n\u00e3o tem compet\u00eancia para atuar no caso por n\u00e3o haver autoridades com foro privilegiado envolvidas. O STF confirmou o recebimento do pedido, mas n\u00e3o comentou como deve ser o andamento daqui para frente.<\/p>\n<p>Em meados de fevereiro, Toffoli determinou que fossem enviados a ele documentos relacionados ao acordo de leni\u00eancia da JBS \u2013 controlada pela J&#038;F dos irm\u00e3os Joesley e Wesley Batista. Ele disse, na \u00e9poca, que o pedido era apurar a poss\u00edvel apropria\u00e7\u00e3o indevida de recursos p\u00fablicos pela ong.<\/p>\n<p>No entanto, ap\u00f3s an\u00e1lise dos procedimentos internos realizados pelo MPF, o procurador-geral concluiu que as apura\u00e7\u00f5es \u201cconvergiram para ju\u00edzos terminativos ou negativos de responsabilidade, sem express\u00e3o, at\u00e9 o presente momento, de suficiente standard probat\u00f3rio, seja para fins de sancionamento administrativo ou mesmo de provoca\u00e7\u00e3o do Poder Judici\u00e1rio em vias de persecu\u00e7\u00e3o penal\u201d.<\/p>\n<p>Ainda no pedido, Gonet ressaltou que esclarecimentos anteriores a Toffoli j\u00e1 apontavam que o Memorando de Entendimento entre a Transpar\u00eancia Internacional e o Minist\u00e9rio P\u00fablico Federal envolvendo os irm\u00e3os Batista n\u00e3o envolvia dinheiro.<\/p>\n<p>\u201cNa cl\u00e1usula 3 do Memorando de Entendimento ressalta-se que n\u00e3o se prev\u00ea nenhum tipo de remunera\u00e7\u00e3o, sendo vedada a transfer\u00eancia de recursos para que a TI realize as atividades nele previstas\u201d, pontuou.<\/p>\n<p>A decis\u00e3o de Toffoli de requerer os documentos do acordo de leni\u00eancia ocorreu ap\u00f3s uma solicita\u00e7\u00e3o do deputado federal Rui Falc\u00e3o (PT-SP), que levantou suspeitas sobre poss\u00edveis irregularidades na atua\u00e7\u00e3o da ong em acordos firmados pela for\u00e7a-tarefa da Lava-Jato. Esses acordos, segundo as alega\u00e7\u00f5es, poderiam ter envolvido a gest\u00e3o indevida de recursos pela Transpar\u00eancia Internacional.<\/p>\n<p>\u00c0\u00a0<strong>Gazeta do Povo<\/strong>, a Transpar\u00eancia Internacional afirmou que a decis\u00e3o de Gonet \u201c\u00e9 extremamente importante\u201d, mas \u201cainda \u00e9 preciso ir al\u00e9m para fazer cessar os processos difamat\u00f3rios e o ass\u00e9dio judicial contra a TI no pa\u00eds, que s\u00e3o apenas um exemplo dos ataques que tentam, sistematicamente, intimidar e calar ativistas e jornalistas brasileiros\u201d.<\/p>\n<p>\u201c\u00c9 fundamental, portanto, que o Brasil priorize o debate sobre a defesa do espa\u00e7o c\u00edvico e mecanismos legais de prote\u00e7\u00e3o ao ass\u00e9dio judicial\u201d, disse a ong lembrando que \u00e9 alvo de \u201ccampanhas difamat\u00f3rias\u201d desde 2018 e que, a partir de 2021, \u201cevolu\u00edram para ass\u00e9dio legal\u201d.<\/p>\n<p>O presidente da ong, Fran\u00e7ois Val\u00e9rian, afirmou que os alegados ataques tanto no Brasil como em outros pa\u00edses \u201cs\u00e3o resultado de nossas a\u00e7\u00f5es expondo a corrup\u00e7\u00e3o e comprovam a relev\u00e2ncia do nosso trabalho confrontando interesses poderosos\u201d.<\/p>\n<p>\u201cRefor\u00e7amos nosso compromisso com a causa anticorrup\u00e7\u00e3o pelo que ela fundamentalmente significa: uma luta por direitos\u201d, completou Bruno Brand\u00e3o, diretor-executivo da ong no Brasil.<\/p>\n<p>Na \u00e9poca das acusa\u00e7\u00f5es, a Transpar\u00eancia Internacional negou veementemente que teria gerido ou recebido qualquer verba proveniente dos acordos de leni\u00eancia firmados no \u00e2mbito da Lava Jato no Brasil. A organiza\u00e7\u00e3o esclareceu que n\u00e3o recebeu ou receberia, direta ou indiretamente, \u201cqualquer recurso do acordo de leni\u00eancia do grupo J&#038;F ou de qualquer acordo de leni\u00eancia no Brasil\u201d, e que nunca teve papel de gest\u00e3o sobre essas verbas.<\/p>\n<p>Essa n\u00e3o foi a primeira vez que a Transpar\u00eancia Internacional enfrentou acusa\u00e7\u00f5es semelhantes. Em 2019, durante a opera\u00e7\u00e3o Greenfield, a for\u00e7a-tarefa da Lava Jato j\u00e1 havia se manifestado contra as alega\u00e7\u00f5es de que a ong estaria envolvida na gest\u00e3o dos recursos provenientes dos acordos de leni\u00eancia, refor\u00e7ando que a entidade n\u00e3o tinha qualquer papel no gerenciamento dessas quantias.<\/p>\n<p>No ano passado, Toffoli suspendeu o pagamento da multa do acordo de leni\u00eancia da JBS com o Minist\u00e9rio P\u00fablico Federal, alegando que havia d\u00favidas se Joesley e Wesley o assinaram de livre e espont\u00e2nea vontade.<\/p>\n<p><strong><a href=\"https:\/\/www.gazetadopovo.com.br\/republica\/pgr-arquivamento-acao-contra-transparencia-internacional-lava-jato\/\">Source link<\/a><\/strong><\/p>\n<\/div>\n<p><br \/>\n<br \/><a href=\"https:\/\/paulofigueiredoshow.com\/pgr-pede-arquivamento-de-acao-contra-transparencia-internacional-na-lava-jato\/\">Source link <\/a><\/p>","protected":false},"excerpt":{"rendered":"<p>Procurador argumentou a Dias Toffoli que n\u00e3o h\u00e1 elementos para o MPF seguir investigando a ong. O procurador-geral da Rep\u00fablica, Paulo Gonet, pediu ao Supremo Tribunal Federal (STF) que arquive&hellip;<\/p>","protected":false},"author":1,"featured_media":3503,"comment_status":"closed","ping_status":"open","sticky":false,"template":"","format":"standard","meta":{"content-type":"","footnotes":""},"categories":[16],"tags":[10962,5957,2204,5888,5020,1660,4131,699,871,4138],"class_list":["post-48740","post","type-post","status-publish","format-standard","has-post-thumbnail","hentry","category-noticias","tag-arquivamento","tag-gonet","tag-jf","tag-jbs","tag-lava-jato","tag-mpf","tag-ong","tag-pgr","tag-stf","tag-toffoli"],"_links":{"self":[{"href":"https:\/\/tvbrazilusa.com\/pt\/wp-json\/wp\/v2\/posts\/48740","targetHints":{"allow":["GET"]}}],"collection":[{"href":"https:\/\/tvbrazilusa.com\/pt\/wp-json\/wp\/v2\/posts"}],"about":[{"href":"https:\/\/tvbrazilusa.com\/pt\/wp-json\/wp\/v2\/types\/post"}],"author":[{"embeddable":true,"href":"https:\/\/tvbrazilusa.com\/pt\/wp-json\/wp\/v2\/users\/1"}],"replies":[{"embeddable":true,"href":"https:\/\/tvbrazilusa.com\/pt\/wp-json\/wp\/v2\/comments?post=48740"}],"version-history":[{"count":1,"href":"https:\/\/tvbrazilusa.com\/pt\/wp-json\/wp\/v2\/posts\/48740\/revisions"}],"predecessor-version":[{"id":48741,"href":"https:\/\/tvbrazilusa.com\/pt\/wp-json\/wp\/v2\/posts\/48740\/revisions\/48741"}],"wp:featuredmedia":[{"embeddable":true,"href":"https:\/\/tvbrazilusa.com\/pt\/wp-json\/wp\/v2\/media\/3503"}],"wp:attachment":[{"href":"https:\/\/tvbrazilusa.com\/pt\/wp-json\/wp\/v2\/media?parent=48740"}],"wp:term":[{"taxonomy":"category","embeddable":true,"href":"https:\/\/tvbrazilusa.com\/pt\/wp-json\/wp\/v2\/categories?post=48740"},{"taxonomy":"post_tag","embeddable":true,"href":"https:\/\/tvbrazilusa.com\/pt\/wp-json\/wp\/v2\/tags?post=48740"}],"curies":[{"name":"wp","href":"https:\/\/api.w.org\/{rel}","templated":true}]}}