{"id":48751,"date":"2024-10-16T16:40:14","date_gmt":"2024-10-16T16:40:14","guid":{"rendered":"https:\/\/tvbrazilusa.com\/2024\/10\/16\/ministerio-da-fazenda-busca-restringir-os-supersalarios-no-funcionalismo-e-reformular-o-seguro-desemprego\/"},"modified":"2024-10-16T16:40:16","modified_gmt":"2024-10-16T16:40:16","slug":"ministerio-da-fazenda-busca-restringir-os-supersalarios-no-funcionalismo-e-reformular-o-seguro-desemprego","status":"publish","type":"post","link":"https:\/\/tvbrazilusa.com\/pt\/2024\/10\/16\/ministerio-da-fazenda-busca-restringir-os-supersalarios-no-funcionalismo-e-reformular-o-seguro-desemprego\/","title":{"rendered":"Minist\u00e9rio da Fazenda busca restringir os supersal\u00e1rios no funcionalismo e reformular o seguro-desemprego"},"content":{"rendered":"<p> <script async src=\"https:\/\/pagead2.googlesyndication.com\/pagead\/js\/adsbygoogle.js?client=ca-pub-8864793242727901\"\r\n     crossorigin=\"anonymous\"><\/script><br \/>\n<\/p>\n<div>\n<figure class=\"post-image\">\n<\/figure>\n<p><span style=\"font-size: 12px\">Foto: Pedro Ladeira\/Folhapress<\/span><\/p>\n<div id=\"taboola-read-more\" style=\"display:block; width:100%\">\n<p>Limitar os supersal\u00e1rios no setor p\u00fablico e mudan\u00e7as no desenho do seguro-desemprego est\u00e3o na lista de medidas em estudo no Minist\u00e9rio da Fazenda para cortar despesas levadas ao presidente Luiz In\u00e1cio Lula da Silva (PT).\n<\/p>\n<p>Um integrante da equipe econ\u00f4mica confirmou \u00e0 Folha que a ideia \u00e9 buscar um acordo no Congresso para aprova\u00e7\u00e3o do projeto de lei que regulamenta os supersal\u00e1rios e limita a poucas exce\u00e7\u00f5es o pagamento fora do teto remunerat\u00f3rio do funcionalismo, que tem como base o sal\u00e1rio dos ministros do STF (Supremo Tribunal Federal), atualmente em R$ 44 mil.<\/p>\n<p>A informa\u00e7\u00e3o foi antecipada pela TV Globo. Um projeto de lei j\u00e1 tramita no Legislativo desde 2016. O assunto voltou ao radar um ano ap\u00f3s Haddad ter se reunido com a ministra da Gest\u00e3o e da Inova\u00e7\u00e3o em Servi\u00e7os P\u00fablicos, Esther Dweck, e anunciado que a medida seria priorit\u00e1ria para o governo.\n<\/p>\n<p>Na \u00e9poca, havia uma press\u00e3o do presidente da C\u00e2mara, Arthur Lira (PP-AL), para Lula apresentar uma proposta de reforma administrativa. As estimativas apontam que a medida pode reduzir em cerca de R$ 3,8 bilh\u00f5es as despesas com a folha de sal\u00e1rios.\n<\/p>\n<p>O CLP (Centro de Lideran\u00e7a P\u00fablica) calcula uma economia de R$ 5 bilh\u00f5es por ano com o corte das grandes remunera\u00e7\u00f5es, que poderia ajudar o pa\u00eds a alcan\u00e7ar um cen\u00e1rio de estabilidade de d\u00edvida p\u00fablica bruta at\u00e9 2030.\n<\/p>\n<p><strong>Folha de S. Paulo<\/strong> <\/p>\n<\/div>\n<div class=\"row mt-3\">\n<div class=\"col-sm-6\">\n<p><a href=\"https:\/\/chat.whatsapp.com\/J6hwSKYns5B0XFowx2wZ0P\" target=\"_blank\" rel=\"noopener\"><br \/>\n<img decoding=\"async\" src=\"https:\/\/diariodobrasilnoticias.com.br\/assets-site\/images\/bot_whatsapp.png\"\/><\/a>\n<\/div>\n<div class=\"col-sm-6\">\n<a href=\"https:\/\/t.me\/+_4gTmi5LKo03OTM5\" target=\"_blank\" rel=\"noopener\"><br \/>\n<img decoding=\"async\" src=\"https:\/\/diariodobrasilnoticias.com.br\/assets-site\/images\/bot_telegram.png\"\/><\/a>\n<\/div>\n<\/div>\n<\/div>\n<p><br \/>\n<br \/><a href=\"https:\/\/diariodobrasilnoticias.com.br\/noticia\/ministerio-da-fazenda-busca-restringir-os-supersalarios-no-funcionalismo-e-reformular-o-seguro-desemprego-670fb5c93994e\">Source link <\/a><\/p>","protected":false},"excerpt":{"rendered":"<p>Foto: Pedro Ladeira\/Folhapress Limitar os supersal\u00e1rios no setor p\u00fablico e mudan\u00e7as no desenho do seguro-desemprego est\u00e3o na lista de medidas em estudo no Minist\u00e9rio da Fazenda para cortar despesas levadas&hellip;<\/p>","protected":false},"author":1,"featured_media":48752,"comment_status":"closed","ping_status":"open","sticky":false,"template":"","format":"standard","meta":{"content-type":"","footnotes":""},"categories":[16],"tags":[123,2448,5313,1267],"class_list":["post-48751","post","type-post","status-publish","format-standard","has-post-thumbnail","hentry","category-noticias","tag-brasil","tag-diario","tag-noticia","tag-noticias"],"_links":{"self":[{"href":"https:\/\/tvbrazilusa.com\/pt\/wp-json\/wp\/v2\/posts\/48751","targetHints":{"allow":["GET"]}}],"collection":[{"href":"https:\/\/tvbrazilusa.com\/pt\/wp-json\/wp\/v2\/posts"}],"about":[{"href":"https:\/\/tvbrazilusa.com\/pt\/wp-json\/wp\/v2\/types\/post"}],"author":[{"embeddable":true,"href":"https:\/\/tvbrazilusa.com\/pt\/wp-json\/wp\/v2\/users\/1"}],"replies":[{"embeddable":true,"href":"https:\/\/tvbrazilusa.com\/pt\/wp-json\/wp\/v2\/comments?post=48751"}],"version-history":[{"count":1,"href":"https:\/\/tvbrazilusa.com\/pt\/wp-json\/wp\/v2\/posts\/48751\/revisions"}],"predecessor-version":[{"id":48753,"href":"https:\/\/tvbrazilusa.com\/pt\/wp-json\/wp\/v2\/posts\/48751\/revisions\/48753"}],"wp:featuredmedia":[{"embeddable":true,"href":"https:\/\/tvbrazilusa.com\/pt\/wp-json\/wp\/v2\/media\/48752"}],"wp:attachment":[{"href":"https:\/\/tvbrazilusa.com\/pt\/wp-json\/wp\/v2\/media?parent=48751"}],"wp:term":[{"taxonomy":"category","embeddable":true,"href":"https:\/\/tvbrazilusa.com\/pt\/wp-json\/wp\/v2\/categories?post=48751"},{"taxonomy":"post_tag","embeddable":true,"href":"https:\/\/tvbrazilusa.com\/pt\/wp-json\/wp\/v2\/tags?post=48751"}],"curies":[{"name":"wp","href":"https:\/\/api.w.org\/{rel}","templated":true}]}}