{"id":48769,"date":"2024-10-16T17:10:35","date_gmt":"2024-10-16T17:10:35","guid":{"rendered":"https:\/\/tvbrazilusa.com\/2024\/10\/16\/pt-reconhece-vitoria-de-maduro-ao-assinar-resolucao-do-foro-de-sao-paulo-paulo-figueiredo\/"},"modified":"2024-10-16T17:22:25","modified_gmt":"2024-10-16T17:22:25","slug":"pt-reconhece-vitoria-de-maduro-ao-assinar-resolucao-do-foro-de-sao-paulo-paulo-figueiredo","status":"publish","type":"post","link":"https:\/\/tvbrazilusa.com\/pt\/2024\/10\/16\/pt-reconhece-vitoria-de-maduro-ao-assinar-resolucao-do-foro-de-sao-paulo-paulo-figueiredo\/","title":{"rendered":"PT reconhece vit\u00f3ria de Maduro ao assinar resolu\u00e7\u00e3o do Foro de S\u00e3o Paulo &#8211; Paulo Figueiredo"},"content":{"rendered":"<p> <script async src=\"https:\/\/pagead2.googlesyndication.com\/pagead\/js\/adsbygoogle.js?client=ca-pub-8864793242727901\"\r\n     crossorigin=\"anonymous\"><\/script><br \/>\n<\/p>\n<div id=\"wtr-content\" data-bg=\"#FFFFFF\" data-fg=\"#006d91\" data-width=\"25\" data-mute=\"1\" data-fgopacity=\"1.00\" data-mutedopacity=\"0.5\" data-placement=\"bottom\" data-placement-offset=\"0\" data-content-offset=\"262\" data-placement-touch=\"bottom\" data-placement-offset-touch=\"0\" data-transparent=\"\" data-shadow=\"0\" data-touch=\"1\" data-non-touch=\"1\" data-comments=\"0\" data-commentsbg=\"transparent\" data-location=\"page\" data-mutedfg=\"#006d91\" data-endfg=\"#006d91\" data-rtl=\"\">\n<h3 class=\"wp-block-heading\">Partido do presidente Lula participou de reuni\u00e3o de partidos de esquerda no M\u00e9xico<\/h3>\n<p>O Partido dos Trabalhadores (PT) assinou uma resolu\u00e7\u00e3o do\u00a0<strong>Foro de S\u00e3o Paulo<\/strong>, em que<strong> reconhece a vit\u00f3ria eleitoral do ditador Nicol\u00e1s Maduro e manifesta solidariedade ao regime venezuelano.<\/strong><\/p>\n<p>O documento foi formulado e divulgado durante uma reuni\u00e3o do grupo de partidos de esquerda, realizada no M\u00e9xico, paralelamente \u00e0 posse da esquerdista Claudia Sheinbaum, a nova presidente do pa\u00eds.<\/p>\n<p>Em sete p\u00e1ginas, os partidos de esquerda criticam nominalmente todos os presidentes de centro ou centro direita da Am\u00e9rica Latina, como Daniel Noboa, Javier Milei e Luis Lacalle Pou, se insurgem contra o \u201cimperialismo\u201d dos Estados Unidos e elogiam as iniciativas do \u201cSul Global\u201d, liderado pelas ditaduras da China e R\u00fassia.<\/p>\n<p>No trecho sobre Maduro e a ditadura venezuelana, os partidos esquerdistas apelam \u201cao respeito pelas institui\u00e7\u00f5es democr\u00e1ticas da Venezuela\u201d e ao resultado das urnas, que <strong>\u201cderam a vit\u00f3ria\u201d a Maduro<\/strong>.<\/p>\n<p>\u201cDadas as a\u00e7\u00f5es da extrema direita, torna-se imperativo que as nossas for\u00e7as pol\u00edticas apelem ao respeito pelas institui\u00e7\u00f5es democr\u00e1ticas da Venezuela e \u00e0 autodetermina\u00e7\u00e3o do povo venezuelano em rela\u00e7\u00e3o aos resultados eleitorais que deram a vit\u00f3ria ao Presidente Maduro\u201d, escreveram os esquerdistas no documento com data de 24 de setembro.<\/p>\n<p>E prosseguem, mencionando um evento da esquerda realizado na Venezuela em setembro: \u201cSaudamos o recente Congresso Mundial contra o Fascismo, o Neofascismo e Express\u00f5es Similares, nos dias 10 e 11 de setembro em Caracas, bem como a cria\u00e7\u00e3o da Internacional Antifascista. A realiza\u00e7\u00e3o desta atividade na Venezuela tem uma import\u00e2ncia transcendental, devido \u00e0 coordena\u00e7\u00e3o internacional e ao trabalho conjunto das for\u00e7as de extrema direita para atacar os resultados das elei\u00e7\u00f5es presidenciais venezuelanas e a vit\u00f3ria do presidente Nicol\u00e1s Maduro.\u201d<\/p>\n<h3 class=\"wp-block-heading\">As elei\u00e7\u00f5es na Venezuela<\/h3>\n<p>As elei\u00e7\u00f5es na Venezuela foram realizadas em 28 de julho e as atas que comprovariam a vit\u00f3ria de Maduro jamais foram apresentadas. Mesmo assim, tanto o \u00f3rg\u00e3o eleitoral \u2014 o Conselho Nacional Eleitoral (CNE) \u2014 quando o Tribunal Supremo da Venezuela proclamaram Maduro vencedor.<\/p>\n<p>Antes das elei\u00e7\u00f5es, a principal advers\u00e1ria do regime, Mar\u00eda Corina Machado, foi impedida de disputar a presid\u00eancia, sob o argumento de que estava ineleg\u00edvel. Sua substituta, Corina Yoris, tamb\u00e9m foi recha\u00e7ada pela ditadura.<\/p>\n<p>Mesmo assim, o candidato oposicionista, Edmundo Gonz\u00e1lez, liderou as pesquisas. Institui\u00e7\u00f5es independentes,\u00a0<strong>como o Carter Center<\/strong>, dos EUA, e a\u00a0<strong>Associated Press<\/strong>, que analisaram as atas recolhidas pela oposi\u00e7\u00e3o, disseram que Gonz\u00e1lez venceu o pleito. At\u00e9 agora, nenhum pa\u00eds democr\u00e1tico (salvo os governados por pol\u00edticos de esquerda alinhados com Maduro) reconheceu a vit\u00f3ria de Maduro.<\/p>\n<p>Tamb\u00e9m em julho, a\u00a0<strong>Organiza\u00e7\u00e3o dos Estados Americanos<\/strong>\u00a0(OEA) declarou que n\u00e3o reconhece o resultado da elei\u00e7\u00e3o na Venezuela, divulgado pelo CNE. Segundo um relat\u00f3rio da OEA, h\u00e1 sinais de que o regime manipulou os dados da contagem para beneficiar Maduro.<\/p>\n<p>Depois das elei\u00e7\u00f5es, dezenas de protestos foram realizados e mais de 1,5 mil pessoas foram presas, inclusive adolescentes.<\/p>\n<h3 class=\"wp-block-heading\">PT n\u00e3o comenta reconhecimento de vit\u00f3ria de Maduro<\/h3>\n<p>M\u00f4nica Valente, que ocupa o cargo de secret\u00e1ria-executiva do Foro e integra a Executiva Nacional do PT, participou do encontro. No entanto, o partido decidiu n\u00e3o divulgar amplamente o apoio \u00e0 resolu\u00e7\u00e3o pr\u00f3-Maduro, temendo poss\u00edveis repercuss\u00f5es negativas nas elei\u00e7\u00f5es municipais. <strong>Uma fonte interna do partido confirmou essa preocupa\u00e7\u00e3o \u00e0 CNN.<\/strong><\/p>\n<p>At\u00e9 o momento, a assessoria de Gleisi Hoffmann, presidente nacional do PT, ainda n\u00e3o se manifestou sobre o assunto.<\/p>\n<h3 class=\"wp-block-heading\">Partido de Lula disse que elei\u00e7\u00f5es na Venezuela foram \u201cdemocr\u00e1ticas\u201d<\/h3>\n<p>Em julho deste ano, o partido de Lula afirmou, em nota divulgada, que as elei\u00e7\u00f5es na Venezuela foram \u201cpac\u00edficas, democr\u00e1ticas e soberanas\u201d. O pr\u00f3prio presidente disse que o processo foi\u00a0<strong>normal e tranquilo<\/strong>.<\/p>\n<p><strong>O pleito terminou sem a contagem total dos votos, e o Conselho Nacional Eleitoral (CNE) se negou a apresentar as atas necess\u00e1rias para comprovar a idoneidade das elei\u00e7\u00f5es<\/strong>. No an\u00fancio do resultado, o \u00f3rg\u00e3o apenas comunicou a vit\u00f3ria do ditador Nicol\u00e1s Maduro.<\/p>\n<p><strong><a href=\"https:\/\/revistaoeste.com\/politica\/pt-reconhece-vitoria-de-maduro-ao-assinar-resolucao-do-foro-de-sao-paulo\/\">Source link<\/a><\/strong><\/p>\n<\/div>\n<p><br \/>\n<br \/><a href=\"https:\/\/paulofigueiredoshow.com\/pt-reconhece-vitoria-de-maduro-ao-assinar-resolucao-do-foro-de-sao-paulo\/\">Source link <\/a><\/p>","protected":false},"excerpt":{"rendered":"<p>Partido do presidente Lula participou de reuni\u00e3o de partidos de esquerda no M\u00e9xico O Partido dos Trabalhadores (PT) assinou uma resolu\u00e7\u00e3o do\u00a0Foro de S\u00e3o Paulo, em que reconhece a vit\u00f3ria&hellip;<\/p>","protected":false},"author":1,"featured_media":15789,"comment_status":"closed","ping_status":"open","sticky":false,"template":"","format":"standard","meta":{"content-type":"","footnotes":""},"categories":[16],"tags":[27845,27846,1100,1408,227,4184,89,1590,5607,1378,1101],"class_list":["post-48769","post","type-post","status-publish","format-standard","has-post-thumbnail","hentry","category-noticias","tag-assinanam","tag-claudia-sheinbaum","tag-ditador","tag-eleicoes","tag-esquerda","tag-foro-de-sao-paulo","tag-lula","tag-maduro","tag-mexico","tag-pt","tag-venezuela"],"_links":{"self":[{"href":"https:\/\/tvbrazilusa.com\/pt\/wp-json\/wp\/v2\/posts\/48769","targetHints":{"allow":["GET"]}}],"collection":[{"href":"https:\/\/tvbrazilusa.com\/pt\/wp-json\/wp\/v2\/posts"}],"about":[{"href":"https:\/\/tvbrazilusa.com\/pt\/wp-json\/wp\/v2\/types\/post"}],"author":[{"embeddable":true,"href":"https:\/\/tvbrazilusa.com\/pt\/wp-json\/wp\/v2\/users\/1"}],"replies":[{"embeddable":true,"href":"https:\/\/tvbrazilusa.com\/pt\/wp-json\/wp\/v2\/comments?post=48769"}],"version-history":[{"count":1,"href":"https:\/\/tvbrazilusa.com\/pt\/wp-json\/wp\/v2\/posts\/48769\/revisions"}],"predecessor-version":[{"id":48770,"href":"https:\/\/tvbrazilusa.com\/pt\/wp-json\/wp\/v2\/posts\/48769\/revisions\/48770"}],"wp:featuredmedia":[{"embeddable":true,"href":"https:\/\/tvbrazilusa.com\/pt\/wp-json\/wp\/v2\/media\/15789"}],"wp:attachment":[{"href":"https:\/\/tvbrazilusa.com\/pt\/wp-json\/wp\/v2\/media?parent=48769"}],"wp:term":[{"taxonomy":"category","embeddable":true,"href":"https:\/\/tvbrazilusa.com\/pt\/wp-json\/wp\/v2\/categories?post=48769"},{"taxonomy":"post_tag","embeddable":true,"href":"https:\/\/tvbrazilusa.com\/pt\/wp-json\/wp\/v2\/tags?post=48769"}],"curies":[{"name":"wp","href":"https:\/\/api.w.org\/{rel}","templated":true}]}}