{"id":48791,"date":"2024-10-16T18:32:58","date_gmt":"2024-10-16T18:32:58","guid":{"rendered":"https:\/\/tvbrazilusa.com\/2024\/10\/16\/video-mostra-senhor-chamando-duas-criancas-de-retardadas-por-serem-nordestinas-assista\/"},"modified":"2024-10-16T18:32:59","modified_gmt":"2024-10-16T18:32:59","slug":"video-mostra-senhor-chamando-duas-criancas-de-retardadas-por-serem-nordestinas-assista","status":"publish","type":"post","link":"https:\/\/tvbrazilusa.com\/pt\/2024\/10\/16\/video-mostra-senhor-chamando-duas-criancas-de-retardadas-por-serem-nordestinas-assista\/","title":{"rendered":"V\u00eddeo mostra senhor chamando duas crian\u00e7as de retardadas por serem nordestinas; ASSISTA"},"content":{"rendered":"<p> <script async src=\"https:\/\/pagead2.googlesyndication.com\/pagead\/js\/adsbygoogle.js?client=ca-pub-8864793242727901\"\r\n     crossorigin=\"anonymous\"><\/script><br \/>\n<\/p>\n<div>\n<figure class=\"post-image\">\n<\/figure>\n<p><span style=\"font-size: 12px\">Reprodu\u00e7\u00e3o<\/span><\/p>\n<div id=\"taboola-read-more\" style=\"display:block; width:100%\">\n<p>Um v\u00eddeo recentemente divulgado nas redes sociais tem gerado indigna\u00e7\u00e3o ao mostrar um homem chamando duas crian\u00e7as de &#8220;vagabundas&#8221; por serem nordestinas. O incidente ocorreu na Fazenda Real I\/II, em Maca\u00edba.\n<\/p>\n<p>No v\u00eddeo, o homem, que \u00e9 dono da pousada Toca do Tato, localizada em Ponta Negra, Natal\/RN, faz coment\u00e1rios depreciativos, referindo-se \u00e0s crian\u00e7as como &#8220;retardadas&#8221; e expressando al\u00edvio por n\u00e3o ser nordestino. Esses coment\u00e1rios, al\u00e9m de ofensivos, revelam uma atitude hostil que perpetua estere\u00f3tipos negativos e discrimina\u00e7\u00e3o contra nordestinos.<\/p>\n<p>A xenofobia \u00e9 um problema grave que afeta diversas comunidades e, neste caso, evidencia a necessidade urgente de promover respeito e compreens\u00e3o entre as diferentes regi\u00f5es do Brasil.\n<\/p>\n<p>ASSISTA:\n<\/p>\n<p>Fonte: Reprodu\u00e7\u00e3o\/Redes Sociais <\/p>\n<\/div>\n<div class=\"row mt-3\">\n<div class=\"col-sm-6\">\n<p><a href=\"https:\/\/chat.whatsapp.com\/J6hwSKYns5B0XFowx2wZ0P\" target=\"_blank\" rel=\"noopener\"><br \/>\n<img decoding=\"async\" src=\"https:\/\/diariodobrasilnoticias.com.br\/assets-site\/images\/bot_whatsapp.png\"\/><\/a>\n<\/div>\n<div class=\"col-sm-6\">\n<a href=\"https:\/\/t.me\/+_4gTmi5LKo03OTM5\" target=\"_blank\" rel=\"noopener\"><br \/>\n<img decoding=\"async\" src=\"https:\/\/diariodobrasilnoticias.com.br\/assets-site\/images\/bot_telegram.png\"\/><\/a>\n<\/div>\n<\/div>\n<\/div>\n<p><br \/>\n<br \/><a href=\"https:\/\/diariodobrasilnoticias.com.br\/noticia\/video-mostra-senhor-chamando-duas-criancas-de-vagabundas-por-serem-nordestinas-assista-670fea1598d80\">Source link <\/a><\/p>","protected":false},"excerpt":{"rendered":"<p>Reprodu\u00e7\u00e3o Um v\u00eddeo recentemente divulgado nas redes sociais tem gerado indigna\u00e7\u00e3o ao mostrar um homem chamando duas crian\u00e7as de &#8220;vagabundas&#8221; por serem nordestinas. O incidente ocorreu na Fazenda Real I\/II,&hellip;<\/p>","protected":false},"author":1,"featured_media":48792,"comment_status":"closed","ping_status":"open","sticky":false,"template":"","format":"standard","meta":{"content-type":"","footnotes":""},"categories":[16],"tags":[123,2448,5313,1267],"class_list":["post-48791","post","type-post","status-publish","format-standard","has-post-thumbnail","hentry","category-noticias","tag-brasil","tag-diario","tag-noticia","tag-noticias"],"_links":{"self":[{"href":"https:\/\/tvbrazilusa.com\/pt\/wp-json\/wp\/v2\/posts\/48791","targetHints":{"allow":["GET"]}}],"collection":[{"href":"https:\/\/tvbrazilusa.com\/pt\/wp-json\/wp\/v2\/posts"}],"about":[{"href":"https:\/\/tvbrazilusa.com\/pt\/wp-json\/wp\/v2\/types\/post"}],"author":[{"embeddable":true,"href":"https:\/\/tvbrazilusa.com\/pt\/wp-json\/wp\/v2\/users\/1"}],"replies":[{"embeddable":true,"href":"https:\/\/tvbrazilusa.com\/pt\/wp-json\/wp\/v2\/comments?post=48791"}],"version-history":[{"count":1,"href":"https:\/\/tvbrazilusa.com\/pt\/wp-json\/wp\/v2\/posts\/48791\/revisions"}],"predecessor-version":[{"id":48793,"href":"https:\/\/tvbrazilusa.com\/pt\/wp-json\/wp\/v2\/posts\/48791\/revisions\/48793"}],"wp:featuredmedia":[{"embeddable":true,"href":"https:\/\/tvbrazilusa.com\/pt\/wp-json\/wp\/v2\/media\/48792"}],"wp:attachment":[{"href":"https:\/\/tvbrazilusa.com\/pt\/wp-json\/wp\/v2\/media?parent=48791"}],"wp:term":[{"taxonomy":"category","embeddable":true,"href":"https:\/\/tvbrazilusa.com\/pt\/wp-json\/wp\/v2\/categories?post=48791"},{"taxonomy":"post_tag","embeddable":true,"href":"https:\/\/tvbrazilusa.com\/pt\/wp-json\/wp\/v2\/tags?post=48791"}],"curies":[{"name":"wp","href":"https:\/\/api.w.org\/{rel}","templated":true}]}}