{"id":48833,"date":"2024-10-16T20:21:39","date_gmt":"2024-10-16T20:21:39","guid":{"rendered":"https:\/\/tvbrazilusa.com\/2024\/10\/16\/cantor-interrompe-show-ao-ver-laser-apontado-para-sua-cabeca-e-pensar-que-era-um-sniper-veja-video\/"},"modified":"2024-10-16T20:21:40","modified_gmt":"2024-10-16T20:21:40","slug":"cantor-interrompe-show-ao-ver-laser-apontado-para-sua-cabeca-e-pensar-que-era-um-sniper-veja-video","status":"publish","type":"post","link":"https:\/\/tvbrazilusa.com\/pt\/2024\/10\/16\/cantor-interrompe-show-ao-ver-laser-apontado-para-sua-cabeca-e-pensar-que-era-um-sniper-veja-video\/","title":{"rendered":"Cantor interrompe show ao ver laser apontado para sua cabe\u00e7a e pensar que era um sniper, VEJA V\u00cdDEO"},"content":{"rendered":"<p> <script async src=\"https:\/\/pagead2.googlesyndication.com\/pagead\/js\/adsbygoogle.js?client=ca-pub-8864793242727901\"\r\n     crossorigin=\"anonymous\"><\/script><br \/>\n<\/p>\n<div id=\"taboola-read-more\" style=\"display:block; width:100%\">\n<p>Nessa ter\u00e7a-feira (15), o cantor Nick Jonas precisou interromper uma apresenta\u00e7\u00e3o em Praga, na Rep\u00fablica Tcheca, ap\u00f3s ter um laser apontado para a cabe\u00e7a dele durante show dos Jonas Brothers. Uma f\u00e3 que estava na plateia conseguiu gravar o momento em que Nick percebe o laser em sua testa, corre do palco e faz um sinal de \u201cT\u201d com as m\u00e3os para os membros de sua equipe. Ap\u00f3s a situa\u00e7\u00e3o ser verificada, o respons\u00e1ve pelo laser foi retirado do local, e os artistas retornaram ao show.\n<\/p>\n<p><strong>VEJA V\u00cdDEO:<\/strong><\/p>\n<p><strong>Fonte: @portalr7<\/strong> <\/p>\n<\/div>\n<p><br \/>\n<br \/><a href=\"https:\/\/diariodobrasilnoticias.com.br\/noticia\/cantor-interrompe-show-ao-ver-laser-apontado-para-sua-cabeca-e-pensar-que-era-um-sniper-veja-video-67100209175e1\">Source link <\/a><\/p>","protected":false},"excerpt":{"rendered":"<p>Nessa ter\u00e7a-feira (15), o cantor Nick Jonas precisou interromper uma apresenta\u00e7\u00e3o em Praga, na Rep\u00fablica Tcheca, ap\u00f3s ter um laser apontado para a cabe\u00e7a dele durante show dos Jonas Brothers.&hellip;<\/p>","protected":false},"author":1,"featured_media":48834,"comment_status":"closed","ping_status":"open","sticky":false,"template":"","format":"standard","meta":{"content-type":"","footnotes":""},"categories":[16],"tags":[123,2448,5313,1267],"class_list":["post-48833","post","type-post","status-publish","format-standard","has-post-thumbnail","hentry","category-noticias","tag-brasil","tag-diario","tag-noticia","tag-noticias"],"_links":{"self":[{"href":"https:\/\/tvbrazilusa.com\/pt\/wp-json\/wp\/v2\/posts\/48833","targetHints":{"allow":["GET"]}}],"collection":[{"href":"https:\/\/tvbrazilusa.com\/pt\/wp-json\/wp\/v2\/posts"}],"about":[{"href":"https:\/\/tvbrazilusa.com\/pt\/wp-json\/wp\/v2\/types\/post"}],"author":[{"embeddable":true,"href":"https:\/\/tvbrazilusa.com\/pt\/wp-json\/wp\/v2\/users\/1"}],"replies":[{"embeddable":true,"href":"https:\/\/tvbrazilusa.com\/pt\/wp-json\/wp\/v2\/comments?post=48833"}],"version-history":[{"count":1,"href":"https:\/\/tvbrazilusa.com\/pt\/wp-json\/wp\/v2\/posts\/48833\/revisions"}],"predecessor-version":[{"id":48835,"href":"https:\/\/tvbrazilusa.com\/pt\/wp-json\/wp\/v2\/posts\/48833\/revisions\/48835"}],"wp:featuredmedia":[{"embeddable":true,"href":"https:\/\/tvbrazilusa.com\/pt\/wp-json\/wp\/v2\/media\/48834"}],"wp:attachment":[{"href":"https:\/\/tvbrazilusa.com\/pt\/wp-json\/wp\/v2\/media?parent=48833"}],"wp:term":[{"taxonomy":"category","embeddable":true,"href":"https:\/\/tvbrazilusa.com\/pt\/wp-json\/wp\/v2\/categories?post=48833"},{"taxonomy":"post_tag","embeddable":true,"href":"https:\/\/tvbrazilusa.com\/pt\/wp-json\/wp\/v2\/tags?post=48833"}],"curies":[{"name":"wp","href":"https:\/\/api.w.org\/{rel}","templated":true}]}}