{"id":4884,"date":"2024-07-21T08:15:00","date_gmt":"2024-07-21T08:15:00","guid":{"rendered":"https:\/\/tvbrazilusa.com\/2024\/07\/21\/programa-cnh-social-oferece-habilitacao-gratuita-para-pessoas-de-baixa-renda\/"},"modified":"2024-07-21T08:16:23","modified_gmt":"2024-07-21T08:16:23","slug":"programa-cnh-social-oferece-habilitacao-gratuita-para-pessoas-de-baixa-renda","status":"publish","type":"post","link":"https:\/\/tvbrazilusa.com\/pt\/2024\/07\/21\/programa-cnh-social-oferece-habilitacao-gratuita-para-pessoas-de-baixa-renda\/","title":{"rendered":"Programa CNH Social oferece habilita\u00e7\u00e3o gratuita para pessoas de baixa renda"},"content":{"rendered":"<p> <script async src=\"https:\/\/pagead2.googlesyndication.com\/pagead\/js\/adsbygoogle.js?client=ca-pub-8864793242727901\"\r\n     crossorigin=\"anonymous\"><\/script><br \/>\n<\/p>\n<div>\n<p>O Departamento Estadual de Tr\u00e2nsito do Acre (<a href=\"https:\/\/www.detran.ac.gov.br\/\">Detran-AC<\/a>) iniciou o processo de convoca\u00e7\u00e3o dos primeiros aprovados no Programa CNH Social. Com isso, mais de 2,1 mil candidatos da modalidade urbana foram chamados para apresentar a documenta\u00e7\u00e3o necess\u00e1ria e realizar a matr\u00edcula. A lista dos convocados foi publicada na \u00faltima ter\u00e7a-feira no Di\u00e1rio Oficial do Estado.<\/p>\n<p>A ades\u00e3o ao programa \u00e9 uma excelente oportunidade para que cidad\u00e3os de baixa renda possam obter a sua Carteira Nacional de Habilita\u00e7\u00e3o (CNH) sem qualquer custo. Para os convocados de Rio Branco, o endere\u00e7o para comparecimento \u00e9 na Estrada Dias Martins, Jardim Primavera. J\u00e1 aqueles do interior do estado devem se dirigir \u00e0 Circunscri\u00e7\u00e3o Regional de Tr\u00e2nsito (<strong>Ciretran<\/strong>) mais pr\u00f3xima.<\/p>\n<h2 class=\"wp-block-heading\">O que \u00e9 o Programa CNH Social?<\/h2>\n<p>Implementado pelo Detran-AC, o Programa <strong>CNH Social <\/strong>visa facilitar o acesso \u00e0 <a href=\"https:\/\/terrabrasilnoticias.com\/\">CNH <\/a>para pessoas financeiramente desfavorecidas. Em resposta ao alto n\u00famero de inscritos, mais de 40.475 pessoas em maio, somente cinco mil foram inicialmente selecionadas para participar do programa este ano, destacando a alta demanda e a import\u00e2ncia desta iniciativa para a comunidade.<\/p>\n<h2 class=\"wp-block-heading\">Como se cadastram os interessados?<\/h2>\n<p>Para os residentes de localidades onde n\u00e3o h\u00e1 posto do Detran-AC, h\u00e1 a possibilidade de encaminhar a documenta\u00e7\u00e3o requerida atrav\u00e9s do e-mail <a href=\"https:\/\/terrabrasilnoticias.com\/cdn-cgi\/l\/email-protection\" class=\"__cf_email__\" data-cfemail=\"6307061711020d000d0b100c000a020f23040e020a0f4d000c0e\">[email\u00a0protected]<\/a>. Para os demais, o processo deve ser feito pessoalmente, de acordo com as orienta\u00e7\u00f5es espec\u00edficas de cada regi\u00e3o contemplada pelo programa.<\/p>\n<h2 class=\"wp-block-heading\">Quais s\u00e3o os crit\u00e9rios para participa\u00e7\u00e3o?<\/h2>\n<p>Os eleg\u00edveis para o programa devem preencher os seguintes requisitos: estarem inscritos e ativos no Cadastro \u00danico para Programas Sociais do Governo Federal (Cad\u00danico) por no m\u00ednimo quatro meses; terem 18 anos ou mais; e possu\u00edrem capacidade de leitura e escrita. Esses crit\u00e9rios asseguram que o benef\u00edcio alcan\u00e7ar\u00e1 aqueles que realmente necessitam da ajuda para avan\u00e7ar em suas trajet\u00f3rias profissionais e pessoais.<\/p>\n<p><strong>Documentos necess\u00e1rios:<\/strong> Para a efetiva\u00e7\u00e3o da matr\u00edcula, os convocados devem apresentar a carteira de identidade dentro do prazo de validade de dez anos ou outro documento oficial com foto, CPF e comprovante de endere\u00e7o, assim como o comprovante de matr\u00edcula online.<\/p>\n<p>Segundo o Detran-AC, essa \u00e9 apenas a primeira etapa de convoca\u00e7\u00f5es. Outras seguir\u00e3o, abrangendo as modalidades rural e estudantil. A expectativa \u00e9 que esse programa contribua significativamente para a mobilidade e a independ\u00eancia dos beneficiados, promovendo inclus\u00e3o social e oportunidades iguais para todos.<\/p>\n<\/p><\/div>\n<p><br \/>\n<br \/><a href=\"https:\/\/terrabrasilnoticias.com\/2024\/07\/programa-cnh-social-oferece-habilitacao-gratuita-para-pessoas-de-baixa-renda\/\">Source link <\/a><\/p>","protected":false},"excerpt":{"rendered":"<p>O Departamento Estadual de Tr\u00e2nsito do Acre (Detran-AC) iniciou o processo de convoca\u00e7\u00e3o dos primeiros aprovados no Programa CNH Social. Com isso, mais de 2,1 mil candidatos da modalidade urbana&hellip;<\/p>","protected":false},"author":1,"featured_media":4885,"comment_status":"closed","ping_status":"open","sticky":false,"template":"","format":"standard","meta":{"content-type":"","footnotes":""},"categories":[16],"tags":[],"class_list":["post-4884","post","type-post","status-publish","format-standard","has-post-thumbnail","hentry","category-noticias"],"_links":{"self":[{"href":"https:\/\/tvbrazilusa.com\/pt\/wp-json\/wp\/v2\/posts\/4884","targetHints":{"allow":["GET"]}}],"collection":[{"href":"https:\/\/tvbrazilusa.com\/pt\/wp-json\/wp\/v2\/posts"}],"about":[{"href":"https:\/\/tvbrazilusa.com\/pt\/wp-json\/wp\/v2\/types\/post"}],"author":[{"embeddable":true,"href":"https:\/\/tvbrazilusa.com\/pt\/wp-json\/wp\/v2\/users\/1"}],"replies":[{"embeddable":true,"href":"https:\/\/tvbrazilusa.com\/pt\/wp-json\/wp\/v2\/comments?post=4884"}],"version-history":[{"count":1,"href":"https:\/\/tvbrazilusa.com\/pt\/wp-json\/wp\/v2\/posts\/4884\/revisions"}],"predecessor-version":[{"id":4886,"href":"https:\/\/tvbrazilusa.com\/pt\/wp-json\/wp\/v2\/posts\/4884\/revisions\/4886"}],"wp:featuredmedia":[{"embeddable":true,"href":"https:\/\/tvbrazilusa.com\/pt\/wp-json\/wp\/v2\/media\/4885"}],"wp:attachment":[{"href":"https:\/\/tvbrazilusa.com\/pt\/wp-json\/wp\/v2\/media?parent=4884"}],"wp:term":[{"taxonomy":"category","embeddable":true,"href":"https:\/\/tvbrazilusa.com\/pt\/wp-json\/wp\/v2\/categories?post=4884"},{"taxonomy":"post_tag","embeddable":true,"href":"https:\/\/tvbrazilusa.com\/pt\/wp-json\/wp\/v2\/tags?post=4884"}],"curies":[{"name":"wp","href":"https:\/\/api.w.org\/{rel}","templated":true}]}}