{"id":48850,"date":"2024-10-16T20:38:15","date_gmt":"2024-10-16T20:38:15","guid":{"rendered":"https:\/\/tvbrazilusa.com\/2024\/10\/16\/saiba-quem-e-o-hacker-superdotado-preso-por-vender-dados-da-pf-e-fbi\/"},"modified":"2024-10-16T20:38:15","modified_gmt":"2024-10-16T20:38:15","slug":"saiba-quem-e-o-hacker-superdotado-preso-por-vender-dados-da-pf-e-fbi","status":"publish","type":"post","link":"https:\/\/tvbrazilusa.com\/pt\/2024\/10\/16\/saiba-quem-e-o-hacker-superdotado-preso-por-vender-dados-da-pf-e-fbi\/","title":{"rendered":"Saiba quem \u00e9 o hacker superdotado preso por vender dados da PF e FBI"},"content":{"rendered":"<p> <script async src=\"https:\/\/pagead2.googlesyndication.com\/pagead\/js\/adsbygoogle.js?client=ca-pub-8864793242727901\"\r\n     crossorigin=\"anonymous\"><\/script><br \/>\n<\/p>\n<div id=\"taboola-read-more\" style=\"display:block; width:100%\">\n<p>O hacker preso preventivamente pela Pol\u00edcia Federal (PF) durante a deflagra\u00e7\u00e3o da opera\u00e7\u00e3o Data Breach, nesta quarta-feira (16\/10), \u00e9 o l\u00edder do grupo cibercriminoso USDoD, conhecido por invadir e vendar dados sigilosos de \u00f3rg\u00e3os como a pr\u00f3pria PF e o Federal Bureau Investigation (FBI). Luan B.G., 33 anos, foi preso em casa, em Belo Horizonte (MG).<\/p>\n<p>Luan virou not\u00edcia em todo o mundo quando comandou, em agosto desse ano, nos Estados Unidos, o ataque respons\u00e1vel pelo vazamento de 2,7 bilh\u00f5es de n\u00fameros de seguran\u00e7a social, registro similar ao CPF. Luan B.G., possui um hist\u00f3rico de ataques antigo, tendo in\u00edcio em 2017 at\u00e9 2022, quando provavelmente iniciou opera\u00e7\u00f5es cibercriminosas mais complexas.<\/p>\n<p>Em diferentes publica\u00e7\u00f5es em f\u00f3runs e redes sociais, Luan B.G. ainda foi associado a diversos apelidos utilizados, al\u00e9m de \u201cNatSec\u201d: NetSec, LLTV, LBG91 e Labs22. O preso se vangloriava de ser o respons\u00e1vel por diversas invas\u00f5es cibern\u00e9ticas realizadas em alguns pa\u00edses, afirmando, em sites, ter divulgado dados sens\u00edveis de 80 mil membros da InfraGard, uma parceria entre o FBI e entidades privadas de infraestrutura cr\u00edtica dos Estados Unidos.<\/p>\n<p>No meio virtual, o hacker \u00e9 conhecido por ser respons\u00e1vel pelo vazamento de grandes bases de dados de informa\u00e7\u00f5es pessoais, incluindo as de empresas como Airbus e a Ag\u00eancia de Prote\u00e7\u00e3o Ambiental dos Estados Unidos.<\/p>\n<p>O investigado deve responder pelo crime de invas\u00e3o de dispositivo inform\u00e1tico, qualificado pela obten\u00e7\u00e3o de informa\u00e7\u00f5es, com causa de aumento de pena pela comercializa\u00e7\u00e3o dos dados obtidos. O nome da opera\u00e7\u00e3o se refere a ataques cibern\u00e9ticos que resultaram em vazamentos e\/ou roubo de informa\u00e7\u00f5es confidenciais.\n<\/p>\n<p>Fonte: @metropoles<\/p>\n<\/p><\/div>\n<p><br \/>\n<br \/><a href=\"https:\/\/diariodobrasilnoticias.com.br\/noticia\/saiba-quem-e-o-hacker-superdotado-preso-por-vender-dados-da-pf-e-fbi-671002c94aed4\">Source link <\/a><\/p>","protected":false},"excerpt":{"rendered":"<p>O hacker preso preventivamente pela Pol\u00edcia Federal (PF) durante a deflagra\u00e7\u00e3o da opera\u00e7\u00e3o Data Breach, nesta quarta-feira (16\/10), \u00e9 o l\u00edder do grupo cibercriminoso USDoD, conhecido por invadir e vendar&hellip;<\/p>","protected":false},"author":1,"featured_media":48851,"comment_status":"closed","ping_status":"open","sticky":false,"template":"","format":"standard","meta":{"content-type":"","footnotes":""},"categories":[16],"tags":[123,2448,5313,1267],"class_list":["post-48850","post","type-post","status-publish","format-standard","has-post-thumbnail","hentry","category-noticias","tag-brasil","tag-diario","tag-noticia","tag-noticias"],"_links":{"self":[{"href":"https:\/\/tvbrazilusa.com\/pt\/wp-json\/wp\/v2\/posts\/48850","targetHints":{"allow":["GET"]}}],"collection":[{"href":"https:\/\/tvbrazilusa.com\/pt\/wp-json\/wp\/v2\/posts"}],"about":[{"href":"https:\/\/tvbrazilusa.com\/pt\/wp-json\/wp\/v2\/types\/post"}],"author":[{"embeddable":true,"href":"https:\/\/tvbrazilusa.com\/pt\/wp-json\/wp\/v2\/users\/1"}],"replies":[{"embeddable":true,"href":"https:\/\/tvbrazilusa.com\/pt\/wp-json\/wp\/v2\/comments?post=48850"}],"version-history":[{"count":1,"href":"https:\/\/tvbrazilusa.com\/pt\/wp-json\/wp\/v2\/posts\/48850\/revisions"}],"predecessor-version":[{"id":48852,"href":"https:\/\/tvbrazilusa.com\/pt\/wp-json\/wp\/v2\/posts\/48850\/revisions\/48852"}],"wp:featuredmedia":[{"embeddable":true,"href":"https:\/\/tvbrazilusa.com\/pt\/wp-json\/wp\/v2\/media\/48851"}],"wp:attachment":[{"href":"https:\/\/tvbrazilusa.com\/pt\/wp-json\/wp\/v2\/media?parent=48850"}],"wp:term":[{"taxonomy":"category","embeddable":true,"href":"https:\/\/tvbrazilusa.com\/pt\/wp-json\/wp\/v2\/categories?post=48850"},{"taxonomy":"post_tag","embeddable":true,"href":"https:\/\/tvbrazilusa.com\/pt\/wp-json\/wp\/v2\/tags?post=48850"}],"curies":[{"name":"wp","href":"https:\/\/api.w.org\/{rel}","templated":true}]}}