{"id":48853,"date":"2024-10-16T20:36:14","date_gmt":"2024-10-16T20:36:14","guid":{"rendered":"https:\/\/tvbrazilusa.com\/2024\/10\/16\/escolhas-de-artes-18-a-20-de-outubro-jacksonville-hoje\/"},"modified":"2024-10-16T20:41:22","modified_gmt":"2024-10-16T20:41:22","slug":"escolhas-de-artes-18-a-20-de-outubro-jacksonville-hoje","status":"publish","type":"post","link":"https:\/\/tvbrazilusa.com\/pt\/2024\/10\/16\/escolhas-de-artes-18-a-20-de-outubro-jacksonville-hoje\/","title":{"rendered":"ESCOLHAS DE ARTES | 18 a 20 de outubro \u2013 Jacksonville hoje"},"content":{"rendered":"<p> <script async src=\"https:\/\/pagead2.googlesyndication.com\/pagead\/js\/adsbygoogle.js?client=ca-pub-8864793242727901\"\r\n     crossorigin=\"anonymous\"><\/script><br \/>\n<\/p>\n<div>\n<p><em>O editor de artes e cultura do Jacksonville Today, Matt Shaw, compartilha suas escolhas art\u00edsticas e culturais para o fim de semana.<\/em><\/p>\n<div class=\"wp-block-image\">\n<figure class=\"aligncenter size-full\"><figcaption class=\"wp-element-caption\">\u00a9 Emil Alzamora, Abund\u00e2ncia da Nave Estelar<\/figcaption><\/figure>\n<\/div>\n<p><strong>Fim de semana inteiro<\/strong><\/p>\n<p><strong><em>Um s\u00e9culo de contemporaneidade, encha meu cora\u00e7\u00e3o de esperan\u00e7a, abund\u00e2ncia de naves estelares<\/em><\/strong><\/p>\n<p><strong>MOCA | Centro de Jacksonville<\/strong><\/p>\n<p>Enquanto o MOCA comemora seu anivers\u00e1rio de 100 anos, o museu Downtown est\u00e1 repleto de novas exposi\u00e7\u00f5es. MOCAs <em>Um S\u00e9culo de Contemporaneidade<\/em> tra\u00e7a a hist\u00f3ria da institui\u00e7\u00e3o, enquanto a instala\u00e7\u00e3o escult\u00f3rica em grande escala do falecido Frank Stella, <em>Estrelas empilhadas de Jacksonville<\/em>preenche o Projeto Atrium. A exposi\u00e7\u00e3o multidisciplinar do artista radicado em Nova York Emil Alzamora, <em>Abund\u00e2ncia de nave estelar<\/em>permanece \u00e0 vista. E uma exposi\u00e7\u00e3o de mais de 100 obras \u2013 muitas das quais de artistas menos aclamados vindos do Extremo Sul \u2013 chamada <em>Encha meu cora\u00e7\u00e3o de esperan\u00e7a: obras da cole\u00e7\u00e3o Gordon W. Bailey<\/em>ocupa dois andares do museu. O MOCA est\u00e1 aberto das 11h \u00e0s 17h. A entrada \u00e9 sempre gratuita aos s\u00e1bados. <a href=\"https:\/\/mocajacksonville.unf.edu\/exhibitions\/permanent-collection\/fill-my-heart-with-hope-gordon-bailey.html\" rel=\"nofollow noopener\" target=\"_blank\">Mais informa\u00e7\u00f5es<\/a>.<\/p>\n<hr class=\"wp-block-separator has-alpha-channel-opacity\"\/>\n<div class=\"wp-block-image\">\n<figure class=\"aligncenter size-full\"><img loading=\"lazy\" color=\"967e8d\" transparency=\"false\" style=\"--dominant-color: #967e8d;\" decoding=\"async\" width=\"500\" height=\"625\" src=\"https:\/\/jaxtoday.org\/wp-content\/uploads\/2024\/10\/2-1.jpg\" alt=\"\" class=\"not-transparent wp-image-79377\" srcset=\"https:\/\/jaxtoday.org\/wp-content\/uploads\/2024\/10\/2-1.jpg 500w, https:\/\/jaxtoday.org\/wp-content\/uploads\/2024\/10\/2-1-240x300.jpg 240w, https:\/\/jaxtoday.org\/wp-content\/uploads\/2024\/10\/2-1-192x240.jpg 192w, https:\/\/jaxtoday.org\/wp-content\/uploads\/2024\/10\/2-1-100x125.jpg 100w\" sizes=\"auto, (max-width: 500px) 100vw, 500px\"\/><\/figure>\n<\/div>\n<p><strong>Sexta e S\u00e1bado<\/strong><\/p>\n<p><strong>Lumen Repertory Theatre apresenta <em>Tripula\u00e7\u00e3o Cadillac <\/em><\/strong><\/p>\n<p><strong>Igreja de S\u00e3o Marcos | S\u00e3o Marcos<\/strong> <\/p>\n<p>A companhia de teatro regional Lumen Repertory, com sede em Jacksonville, apresenta uma nova produ\u00e7\u00e3o do aclamado dramaturgo Tori Sampson. <em>Tripula\u00e7\u00e3o Cadillac<\/em>. A pe\u00e7a, que estreou no Yale Repertory em 2019, segue quatro ativistas dos direitos civis da d\u00e9cada de 1960 \u2013 Rachel, Abby, Dee e Sarah \u2013 navegando pelos limites do seu lugar tanto na sociedade como dentro do pr\u00f3prio movimento de protesto. \u00c9 descrito \u201ccomo uma hist\u00f3ria de irmandade e das complexidades da luta pela igualdade\u201d. A produ\u00e7\u00e3o da noite de abertura de sexta e de s\u00e1bado come\u00e7a \u00e0s 19h30 <a href=\"https:\/\/www.lumenrep.org\/shows\/cadillaccrew\" rel=\"nofollow noopener\" target=\"_blank\">Ingressos e mais informa\u00e7\u00f5es<\/a>. <\/p>\n<hr class=\"wp-block-separator has-alpha-channel-opacity\"\/>\n<div class=\"wp-block-image\">\n<figure class=\"aligncenter size-large\"><img loading=\"lazy\" color=\"3e3631\" transparency=\"false\" style=\"--dominant-color: #3e3631;\" decoding=\"async\" width=\"1024\" height=\"768\" src=\"https:\/\/jaxtoday.org\/wp-content\/uploads\/2024\/10\/Cameron-1024x768.webp\" alt=\"\" class=\"not-transparent wp-image-79379\" srcset=\"https:\/\/jaxtoday.org\/wp-content\/uploads\/2024\/10\/Cameron-1024x768.webp 1024w, https:\/\/jaxtoday.org\/wp-content\/uploads\/2024\/10\/Cameron-300x225.webp 300w, https:\/\/jaxtoday.org\/wp-content\/uploads\/2024\/10\/Cameron-768x576.webp 768w, https:\/\/jaxtoday.org\/wp-content\/uploads\/2024\/10\/Cameron-1536x1152.webp 1536w, https:\/\/jaxtoday.org\/wp-content\/uploads\/2024\/10\/Cameron-2048x1536.webp 2048w, https:\/\/jaxtoday.org\/wp-content\/uploads\/2024\/10\/Cameron-320x240.webp 320w, https:\/\/jaxtoday.org\/wp-content\/uploads\/2024\/10\/Cameron-100x75.webp 100w, https:\/\/jaxtoday.org\/wp-content\/uploads\/2024\/10\/Cameron-1650x1238.webp 1650w\" sizes=\"auto, (max-width: 1024px) 100vw, 1024px\"\/><\/figure>\n<\/div>\n<p><strong>Domingo <\/strong><\/p>\n<p><strong>Cameron Carpinteiro <\/strong><\/p>\n<p><strong>Catedral de S\u00e3o Jo\u00e3o | Centro de Jacksonville<\/strong><\/p>\n<p>A Beaches Fine Arts Series apresenta o inovador organista neocl\u00e1ssico Cameron Carpenter na Catedral de S\u00e3o Jo\u00e3o no domingo. M\u00fasico indicado ao Grammy que faz turn\u00eas com seu pr\u00f3prio \u00f3rg\u00e3o digital personalizado, Carpenter \u00e9 um dos organistas mais not\u00e1veis \u200b\u200bda atualidade. Al\u00e9m do concerto, obras da artista local Maya Elaine estar\u00e3o em exposi\u00e7\u00e3o durante uma recep\u00e7\u00e3o p\u00f3s-concerto. A participa\u00e7\u00e3o \u00e9 gratuita. Show come\u00e7a \u00e0s 16h <a href=\"https:\/\/beachesfinearts.org\/cameron-carpenter\/\" rel=\"nofollow noopener\" target=\"_blank\">Mais informa\u00e7\u00f5es.<\/a><\/p>\n<\/div>\n<p><br \/>\n<br \/><a href=\"https:\/\/jaxtoday.org\/2024\/10\/16\/arts-picks-oct-18-20\/\">Source link <\/a><\/p>","protected":false},"excerpt":{"rendered":"<p>O editor de artes e cultura do Jacksonville Today, Matt Shaw, compartilha suas escolhas art\u00edsticas e culturais para o fim de semana. \u00a9 Emil Alzamora, Abund\u00e2ncia da Nave Estelar Fim&hellip;<\/p>","protected":false},"author":1,"featured_media":48854,"comment_status":"closed","ping_status":"open","sticky":false,"template":"","format":"standard","meta":{"content-type":"","footnotes":""},"categories":[1],"tags":[],"class_list":["post-48853","post","type-post","status-publish","format-standard","has-post-thumbnail","hentry","category-uncategorized"],"_links":{"self":[{"href":"https:\/\/tvbrazilusa.com\/pt\/wp-json\/wp\/v2\/posts\/48853","targetHints":{"allow":["GET"]}}],"collection":[{"href":"https:\/\/tvbrazilusa.com\/pt\/wp-json\/wp\/v2\/posts"}],"about":[{"href":"https:\/\/tvbrazilusa.com\/pt\/wp-json\/wp\/v2\/types\/post"}],"author":[{"embeddable":true,"href":"https:\/\/tvbrazilusa.com\/pt\/wp-json\/wp\/v2\/users\/1"}],"replies":[{"embeddable":true,"href":"https:\/\/tvbrazilusa.com\/pt\/wp-json\/wp\/v2\/comments?post=48853"}],"version-history":[{"count":1,"href":"https:\/\/tvbrazilusa.com\/pt\/wp-json\/wp\/v2\/posts\/48853\/revisions"}],"predecessor-version":[{"id":48855,"href":"https:\/\/tvbrazilusa.com\/pt\/wp-json\/wp\/v2\/posts\/48853\/revisions\/48855"}],"wp:featuredmedia":[{"embeddable":true,"href":"https:\/\/tvbrazilusa.com\/pt\/wp-json\/wp\/v2\/media\/48854"}],"wp:attachment":[{"href":"https:\/\/tvbrazilusa.com\/pt\/wp-json\/wp\/v2\/media?parent=48853"}],"wp:term":[{"taxonomy":"category","embeddable":true,"href":"https:\/\/tvbrazilusa.com\/pt\/wp-json\/wp\/v2\/categories?post=48853"},{"taxonomy":"post_tag","embeddable":true,"href":"https:\/\/tvbrazilusa.com\/pt\/wp-json\/wp\/v2\/tags?post=48853"}],"curies":[{"name":"wp","href":"https:\/\/api.w.org\/{rel}","templated":true}]}}