{"id":48862,"date":"2024-10-16T21:04:32","date_gmt":"2024-10-16T21:04:32","guid":{"rendered":"https:\/\/tvbrazilusa.com\/2024\/10\/16\/coreia-do-norte-menciona-a-possibilidade-de-guerra-e-anuncia-a-ampliacao-do-exercito\/"},"modified":"2024-10-16T21:04:33","modified_gmt":"2024-10-16T21:04:33","slug":"coreia-do-norte-menciona-a-possibilidade-de-guerra-e-anuncia-a-ampliacao-do-exercito","status":"publish","type":"post","link":"https:\/\/tvbrazilusa.com\/pt\/2024\/10\/16\/coreia-do-norte-menciona-a-possibilidade-de-guerra-e-anuncia-a-ampliacao-do-exercito\/","title":{"rendered":"Coreia do Norte menciona a possibilidade de guerra e anuncia a amplia\u00e7\u00e3o do ex\u00e9rcito"},"content":{"rendered":"<p> <script async src=\"https:\/\/pagead2.googlesyndication.com\/pagead\/js\/adsbygoogle.js?client=ca-pub-8864793242727901\"\r\n     crossorigin=\"anonymous\"><\/script><br \/>\n<\/p>\n<div id=\"taboola-read-more\" style=\"display:block; width:100%\">\n<p>O governo da Coreia do Norte anunciou uma expans\u00e3o do ex\u00e9rcito em meio \u00e0 escalada de viol\u00eancia com o pa\u00eds vizinho, a Coreia do Sul. A medida foi anunciada pela m\u00eddia estatal do pa\u00eds nesta quarta-feira (16\/10).\n<\/p>\n<p>De acordo com o comunicado divulgado pelo regime de Kim Jong-un, mais de 1,4 milh\u00e3o de jovens e estudantes procuraram o Ex\u00e9rcito Popular Coreano para ingressar ou reingressar na for\u00e7a.<\/p>\n<p>Os alistamentos volunt\u00e1rios, que n\u00e3o podem ser confirmados de forma independente, ocorreram em 14 e 15 de outubro.\n<\/p>\n<p>Dados do Instituto Internacional de Estudos Estrat\u00e9gicos mostram que a Coreia do Norte tem cerca de 1,2 milh\u00e3o de soldados ativos, al\u00e9m de outros 600 mil na reserva.\n<\/p>\n<p>Al\u00e9m de anunciar a expans\u00e3o do ex\u00e9rcito, o governo norte-coreano voltou a falar em guerra com o lado sul-coreano.\n<\/p>\n<p><strong>\u201cA Rep\u00fablica Popular Democr\u00e1tica da Coreia est\u00e1 cheia de vontade de aniquilar a esc\u00f3ria da Coreia do Sul, que violou sua sagrada soberania e seguran\u00e7a\u201d, informa trecho do comunicado.<\/strong>\n<\/p>\n<p>Segundo o regime de Kim Jong-un, o pa\u00eds vizinho ser\u00e1 \u201cvarrido do mapa\u201d caso um conflito exploda na pen\u00ednsula coreana.\n<\/p>\n<p>A onda de tens\u00e3o entre os dois pa\u00edses, tecnicamente em guerra desde a d\u00e9cada de 1950, ganhou novos cap\u00edtulos nos \u00faltimos dias.\n<\/p>\n<p>A Coreia do Sul foi acusada de invadir o territ\u00f3rio da Coreia do Norte com drones. Como resposta, o regime de Kim ordenou a explos\u00e3o de estradas que ligam os dois pa\u00edses e tem feito amea\u00e7as de conflito com o vizinho.\n<\/p>\n<p>Fonte: Metr\u00f3poles <\/p>\n<\/div>\n<p><br \/>\n<br \/><a href=\"https:\/\/diariodobrasilnoticias.com.br\/noticia\/coreia-do-norte-menciona-a-possibilidade-de-guerra-e-anuncia-a-ampliacao-do-exercito-671006431620d\">Source link <\/a><\/p>","protected":false},"excerpt":{"rendered":"<p>O governo da Coreia do Norte anunciou uma expans\u00e3o do ex\u00e9rcito em meio \u00e0 escalada de viol\u00eancia com o pa\u00eds vizinho, a Coreia do Sul. A medida foi anunciada pela&hellip;<\/p>","protected":false},"author":1,"featured_media":48863,"comment_status":"closed","ping_status":"open","sticky":false,"template":"","format":"standard","meta":{"content-type":"","footnotes":""},"categories":[16],"tags":[123,2448,5313,1267],"class_list":["post-48862","post","type-post","status-publish","format-standard","has-post-thumbnail","hentry","category-noticias","tag-brasil","tag-diario","tag-noticia","tag-noticias"],"_links":{"self":[{"href":"https:\/\/tvbrazilusa.com\/pt\/wp-json\/wp\/v2\/posts\/48862","targetHints":{"allow":["GET"]}}],"collection":[{"href":"https:\/\/tvbrazilusa.com\/pt\/wp-json\/wp\/v2\/posts"}],"about":[{"href":"https:\/\/tvbrazilusa.com\/pt\/wp-json\/wp\/v2\/types\/post"}],"author":[{"embeddable":true,"href":"https:\/\/tvbrazilusa.com\/pt\/wp-json\/wp\/v2\/users\/1"}],"replies":[{"embeddable":true,"href":"https:\/\/tvbrazilusa.com\/pt\/wp-json\/wp\/v2\/comments?post=48862"}],"version-history":[{"count":1,"href":"https:\/\/tvbrazilusa.com\/pt\/wp-json\/wp\/v2\/posts\/48862\/revisions"}],"predecessor-version":[{"id":48864,"href":"https:\/\/tvbrazilusa.com\/pt\/wp-json\/wp\/v2\/posts\/48862\/revisions\/48864"}],"wp:featuredmedia":[{"embeddable":true,"href":"https:\/\/tvbrazilusa.com\/pt\/wp-json\/wp\/v2\/media\/48863"}],"wp:attachment":[{"href":"https:\/\/tvbrazilusa.com\/pt\/wp-json\/wp\/v2\/media?parent=48862"}],"wp:term":[{"taxonomy":"category","embeddable":true,"href":"https:\/\/tvbrazilusa.com\/pt\/wp-json\/wp\/v2\/categories?post=48862"},{"taxonomy":"post_tag","embeddable":true,"href":"https:\/\/tvbrazilusa.com\/pt\/wp-json\/wp\/v2\/tags?post=48862"}],"curies":[{"name":"wp","href":"https:\/\/api.w.org\/{rel}","templated":true}]}}