{"id":48865,"date":"2024-10-16T21:18:02","date_gmt":"2024-10-16T21:18:02","guid":{"rendered":"https:\/\/tvbrazilusa.com\/2024\/10\/16\/joao-vicente-ironiza-a-polemica-com-kefera-que-o-dito-seja-dito\/"},"modified":"2024-10-16T21:18:03","modified_gmt":"2024-10-16T21:18:03","slug":"joao-vicente-ironiza-a-polemica-com-kefera-que-o-dito-seja-dito","status":"publish","type":"post","link":"https:\/\/tvbrazilusa.com\/pt\/2024\/10\/16\/joao-vicente-ironiza-a-polemica-com-kefera-que-o-dito-seja-dito\/","title":{"rendered":"Jo\u00e3o Vicente ironiza a pol\u00eamica com K\u00e9fera: &#8216;Que o dito seja dito&#8217;"},"content":{"rendered":"<p> <script async src=\"https:\/\/pagead2.googlesyndication.com\/pagead\/js\/adsbygoogle.js?client=ca-pub-8864793242727901\"\r\n     crossorigin=\"anonymous\"><\/script><br \/>\n<\/p>\n<div id=\"taboola-read-more\" style=\"display:block; width:100%\">\n<p>Nesta quarta-feira (16\/10), Jo\u00e3o Vicente de Castro usou as redes sociais para ironizar a treta com K\u00e9fera Buchmann. \u00c9 que a youtuber se manifestou ap\u00f3s o ator expor um mal-entendido entre ela e Vera Fischer, durante a festa de uma novela, numa entrevista recente. \u201cQue o dito seja dito\u201d, disse num v\u00eddeo compartilhado no Instagram.\n<\/p>\n<p>\u201cQuem me conhece, quem me acompanha aqui sabe que eu n\u00e3o sou de me envolver em pol\u00eamica, nem render pol\u00eamica, pelo menos tentar n\u00e3o transformar minha vida privada em algo p\u00fablico, iniciou.<\/p>\n<p>Em tom de deboche, Jo\u00e3o prosseguiu: \u201cNos \u00faltimos dois dias acabou que, enfim, muita pol\u00eamica, muita gente falando muita coisa, ent\u00e3o eu, enfim, n\u00e3o consegui n\u00e3o vir aqui, n\u00e3o me posicionar, e de alguma forma comentar, tentar explicar tudo isso\u201d.\n<\/p>\n<p>Por fim, o artista finalizou a conversa que, de forma subliminar, alfinetava K\u00e9fera. \u201cEu acho que quem vem aqui se posicionar sempre acaba, por se posicionar, e quem n\u00e3o vem, acaba n\u00e3o se posicionando e fica o dito pelo n\u00e3o dito. O importante \u00e9 que o dito seja dito, sen\u00e3o ele acaba por ficar dito\u201d, concluiu.\n<\/p>\n<p>Nos coment\u00e1rios, f\u00e3s e seguidores opinaram sobre as falas do rapaz. \u201cTem que sustentar o deboche ia ia \u00f4\u00f4\u00f4\u201d, falou uma pessoa. \u201cDobrou a aposta, que absurdo. A resposta \u00e9 mil vezes pior pois s\u00f3 refor\u00e7a tudo que declarou\u201d, ironizou Marcelo Adnet. \u201cAdorei que hoje foi de camiseta branca e fundo azul c\u00e9u, olhinho meio ca\u00eddo pra baixo\u2026. perfeito!\u201d, brincou mais uma.\n<\/p>\n<p>Na ocasi\u00e3o, a influenciadora comentou sobre assunto e rebateu: \u201cN\u00e3o entendi por que o Jo\u00e3o decidiu contar isso e contar isso desse jeito. \u00c9 uma opini\u00e3o dele, n\u00e3o entendi, mas s\u00f3 para explicar que a hist\u00f3ria n\u00e3o foi como ele contou\u201d.\n<\/p>\n<p><strong>Entenda a treta<\/strong>\n<\/p>\n<p>K\u00e9fera Buchmann se manifestou, nessa ter\u00e7a-feira (15\/10), sobre uma suposta briga que teria tido com Vera Fisher durante uma festa de novela. A pol\u00eamica foi revelada por Jo\u00e3o Vicente de Castro na \u00faltima segunda-feira (14\/10).\n<\/p>\n<p>\u201cComo o hate em mim sempre \u00e9 muito desproporcional, c\u00e1 estou eu para explicar melhor a hist\u00f3ria que o Jo\u00e3o contou na Blogueirinha, que envolve eu e a Vera Fischer. N\u00e3o teve nada de treta, eu adoro a Vera, sei que ela me adora tamb\u00e9m\u201d, come\u00e7ou a influenciadora.\n<\/p>\n<p>K\u00e9fera negou se achar por conta de seguir e rebateu o coment\u00e1rio feito por Jo\u00e3o a seu respeito. \u201cEu nem tenho essa autoestima toda, n\u00e3o me acho por conta de seguidor, \u00e9 uma opini\u00e3o dele, n\u00e3o entendi, mas s\u00f3 para explicar que a hist\u00f3ria n\u00e3o foi como ele contou\u201d, disse ela.\n<\/p>\n<p>Em seguida, K\u00e9fera esclareceu: \u201cO que, de fato, existe, \u00e9 um grupo no WhatsApp com a frase: \u2018Eu tinha uma bolsa\u2019, que foi a frase que Vera falou nesse dia que ela deu uma bebidinha a mais\u201d.\n<\/p>\n<p>A influenciadora destacou que n\u00e3o existiu nenhum conflito, de fato. \u201cEla estava procurando a bolsa dela em um restaurante e ela falou: \u2018Tinha uma bolsa\u2019. Algo assim, que na hora foi muito engra\u00e7ado e todo mundo riu. E foi isso. Ela n\u00e3o me tacou bolsa, n\u00e3o teve briga, n\u00e3o teve nada\u201d, explicou.\n<\/p>\n<p>K\u00e9fera Buchmann ainda riu da hist\u00f3ria e disse nunca imaginar que um dia teria se explicar sobre uma situa\u00e7\u00e3o dessa. \u201cUm dia voc\u00ea est\u00e1 assistindo a Vera na Globo, admirando o trabalho dela, e anos depois voc\u00ea tem que explicar publicamente que nunca brigou com ela. Nunca imaginei ter que me explicar em rela\u00e7\u00e3o a isso\u201d, falou.\n<\/p>\n<p>A influenciadora ainda brincou, falando que gostaria de, no futuro, se pronunciar sobre um affair com Cau\u00e3 Reymond. \u201cCau\u00e3, com todo o respeito. \u2018Vambora\u2019, t\u00e1? Se voc\u00ea estiver dispon\u00edvel\u2026 N\u00e3o sei se est\u00e1 solteiro ou se n\u00e3o est\u00e1. [\u2026] Pega por d\u00f3. Com esse apelo consigo te conquistar?\u201d, disse.\n<\/p>\n<p>Fonte: Metr\u00f3poles <\/p>\n<\/div>\n<p><br \/>\n<br \/><a href=\"https:\/\/diariodobrasilnoticias.com.br\/noticia\/joao-vicente-ironiza-a-polemica-com-kefera-que-o-dito-seja-dito-67100f833dae7\">Source link <\/a><\/p>","protected":false},"excerpt":{"rendered":"<p>Nesta quarta-feira (16\/10), Jo\u00e3o Vicente de Castro usou as redes sociais para ironizar a treta com K\u00e9fera Buchmann. \u00c9 que a youtuber se manifestou ap\u00f3s o ator expor um mal-entendido&hellip;<\/p>","protected":false},"author":1,"featured_media":48866,"comment_status":"closed","ping_status":"open","sticky":false,"template":"","format":"standard","meta":{"content-type":"","footnotes":""},"categories":[16],"tags":[123,2448,5313,1267],"class_list":["post-48865","post","type-post","status-publish","format-standard","has-post-thumbnail","hentry","category-noticias","tag-brasil","tag-diario","tag-noticia","tag-noticias"],"_links":{"self":[{"href":"https:\/\/tvbrazilusa.com\/pt\/wp-json\/wp\/v2\/posts\/48865","targetHints":{"allow":["GET"]}}],"collection":[{"href":"https:\/\/tvbrazilusa.com\/pt\/wp-json\/wp\/v2\/posts"}],"about":[{"href":"https:\/\/tvbrazilusa.com\/pt\/wp-json\/wp\/v2\/types\/post"}],"author":[{"embeddable":true,"href":"https:\/\/tvbrazilusa.com\/pt\/wp-json\/wp\/v2\/users\/1"}],"replies":[{"embeddable":true,"href":"https:\/\/tvbrazilusa.com\/pt\/wp-json\/wp\/v2\/comments?post=48865"}],"version-history":[{"count":1,"href":"https:\/\/tvbrazilusa.com\/pt\/wp-json\/wp\/v2\/posts\/48865\/revisions"}],"predecessor-version":[{"id":48867,"href":"https:\/\/tvbrazilusa.com\/pt\/wp-json\/wp\/v2\/posts\/48865\/revisions\/48867"}],"wp:featuredmedia":[{"embeddable":true,"href":"https:\/\/tvbrazilusa.com\/pt\/wp-json\/wp\/v2\/media\/48866"}],"wp:attachment":[{"href":"https:\/\/tvbrazilusa.com\/pt\/wp-json\/wp\/v2\/media?parent=48865"}],"wp:term":[{"taxonomy":"category","embeddable":true,"href":"https:\/\/tvbrazilusa.com\/pt\/wp-json\/wp\/v2\/categories?post=48865"},{"taxonomy":"post_tag","embeddable":true,"href":"https:\/\/tvbrazilusa.com\/pt\/wp-json\/wp\/v2\/tags?post=48865"}],"curies":[{"name":"wp","href":"https:\/\/api.w.org\/{rel}","templated":true}]}}