{"id":4889,"date":"2024-07-21T08:30:00","date_gmt":"2024-07-21T08:30:00","guid":{"rendered":"https:\/\/tvbrazilusa.com\/2024\/07\/21\/entendendo-o-bolsa-familia-e-como-manter-o-beneficio-ativo\/"},"modified":"2024-07-21T08:41:03","modified_gmt":"2024-07-21T08:41:03","slug":"entendendo-o-bolsa-familia-e-como-manter-o-beneficio-ativo","status":"publish","type":"post","link":"https:\/\/tvbrazilusa.com\/pt\/2024\/07\/21\/entendendo-o-bolsa-familia-e-como-manter-o-beneficio-ativo\/","title":{"rendered":"Entendendo o Bolsa Fam\u00edlia e como manter o benef\u00edcio ativo"},"content":{"rendered":"<p> <script async src=\"https:\/\/pagead2.googlesyndication.com\/pagead\/js\/adsbygoogle.js?client=ca-pub-8864793242727901\"\r\n     crossorigin=\"anonymous\"><\/script><br \/>\n<\/p>\n<div>\n<p>O <a href=\"https:\/\/www.gov.br\/mds\/pt-br\/acoes-e-programas\/bolsa-familia\">Bolsa Fam\u00edlia<\/a> desempenha um papel fundamental na redu\u00e7\u00e3o da pobreza e no apoio a fam\u00edlias em vulnerabilidade social no Brasil. Em 2024, com o valor do benef\u00edcio ajustado para <strong>R$600<\/strong>, o programa continua a ser uma fonte vital de aux\u00edlio financeiro, mas requer que os benefici\u00e1rios observem certas normas e condicionalidades para evitar problemas como suspens\u00e3o ou cancelamento.<\/p>\n<p>Para aqueles que contam com esse apoio, \u00e9 essencial manter os dados cadastrais sempre atualizados. Este \u00e9 o primeiro e mais crucial passo para garantir a continuidade do benef\u00edcio. Mudan\u00e7as na composi\u00e7\u00e3o familiar, renda, endere\u00e7o ou outro dado relevante podem influenciar diretamente sua elegibilidade.<\/p>\n<h2 class=\"wp-block-heading\">Como Atualizar o Cadastro no Bolsa Fam\u00edlia<\/h2>\n<p>A atualiza\u00e7\u00e3o do Cadastro \u00danico para Programas Sociais do Governo Federal (<strong>Cad\u00danico<\/strong>) \u00e9 obrigat\u00f3ria a cada dois anos. Entretanto, \u00e9 imprescind\u00edvel que altera\u00e7\u00f5es sejam comunicadas <strong>imediatamente<\/strong>, de modo a refletir qualquer nova circunst\u00e2ncia que possa afetar o recebimento do benef\u00edcio. Essa atualiza\u00e7\u00e3o pode ser realizada no Centro de Refer\u00eancia de Assist\u00eancia Social (<a href=\"https:\/\/terrabrasilnoticias.com\/\">CRAS<\/a>) mais pr\u00f3ximo.<\/p>\n<h2 class=\"wp-block-heading\">Por que manter a frequ\u00eancia escolar e cart\u00e3o de vacina\u00e7\u00e3o atualizado \u00e9 essencial?<\/h2>\n<p>O programa tamb\u00e9m estipula que as fam\u00edlias benefici\u00e1rias mantenham uma <strong>frequ\u00eancia escolar m\u00ednima de 85%<\/strong> para crian\u00e7as e adolescentes entre 6 e 17 anos. Al\u00e9m disso, \u00e9 crucial que o calend\u00e1rio de vacina\u00e7\u00e3o esteja em dia, principalmente em tempos em que a sa\u00fade p\u00fablica \u00e9 uma grande preocupa\u00e7\u00e3o. Essas condicionalidades visam n\u00e3o s\u00f3 garantir o desenvolvimento educacional das crian\u00e7as e adolescentes, mas tamb\u00e9m proteger a sa\u00fade da comunidade.<\/p>\n<h2 class=\"wp-block-heading\">Quais s\u00e3o as consequ\u00eancias de n\u00e3o cumprir as regras?<\/h2>\n<p>N\u00e3o cumprir com essas condi\u00e7\u00f5es pode resultar na suspens\u00e3o ou cancelamento do benef\u00edcio. Os mecanismos de controle s\u00e3o rigorosos e visam assegurar que o aux\u00edlio alcance realmente aqueles que precisam e est\u00e3o de acordo com os crit\u00e9rios estabelecidos para o programa.<\/p>\n<p>\u00c9 importante destacar que a renda familiar per capita n\u00e3o deve ultrapassar <strong>R$218<\/strong>, algo que tamb\u00e9m deve ser observado de forma diligente pelas fam\u00edlias. Qualquer altera\u00e7\u00e3o nesse quesito deve ser prontamente comunicada atrav\u00e9s dos canais oficiais dispon\u00edveis para os benefici\u00e1rios.<\/p>\n<h2 class=\"wp-block-heading\">Programas complementares como oportunidade de crescimento<\/h2>\n<p>Participar de programas complementares oferecidos pelo governo, como cursos profissionalizantes, pode oferecer n\u00e3o apenas o benef\u00edcio de manter o aux\u00edlio, mas tamb\u00e9m abrir portas para novas oportunidades de emprego e desenvolvimento pessoal. Esses programas s\u00e3o projetados para ajudar os benefici\u00e1rios a sair da vulnerabilidade atrav\u00e9s da educa\u00e7\u00e3o e forma\u00e7\u00e3o profissional.<\/p>\n<p>Para mais informa\u00e7\u00f5es ou esclarecer quaisquer d\u00favidas relacionadas ao Bolsa Fam\u00edlia, os benefici\u00e1rios podem sempre procurar o <strong>CRAS <\/strong>mais pr\u00f3ximo ou visitar o site oficial do programa. A informa\u00e7\u00e3o correta \u00e9 a melhor ferramenta para assegurar que os benef\u00edcios sejam mantidos e utilizados da melhor forma poss\u00edvel.<\/p>\n<\/p><\/div>\n<p><br \/>\n<br \/><a href=\"https:\/\/terrabrasilnoticias.com\/2024\/07\/entendendo-o-bolsa-familia-e-como-manter-o-beneficio-ativo\/\">Source link <\/a><\/p>","protected":false},"excerpt":{"rendered":"<p>O Bolsa Fam\u00edlia desempenha um papel fundamental na redu\u00e7\u00e3o da pobreza e no apoio a fam\u00edlias em vulnerabilidade social no Brasil. Em 2024, com o valor do benef\u00edcio ajustado para&hellip;<\/p>","protected":false},"author":1,"featured_media":4890,"comment_status":"closed","ping_status":"open","sticky":false,"template":"","format":"standard","meta":{"content-type":"","footnotes":""},"categories":[16],"tags":[],"class_list":["post-4889","post","type-post","status-publish","format-standard","has-post-thumbnail","hentry","category-noticias"],"_links":{"self":[{"href":"https:\/\/tvbrazilusa.com\/pt\/wp-json\/wp\/v2\/posts\/4889","targetHints":{"allow":["GET"]}}],"collection":[{"href":"https:\/\/tvbrazilusa.com\/pt\/wp-json\/wp\/v2\/posts"}],"about":[{"href":"https:\/\/tvbrazilusa.com\/pt\/wp-json\/wp\/v2\/types\/post"}],"author":[{"embeddable":true,"href":"https:\/\/tvbrazilusa.com\/pt\/wp-json\/wp\/v2\/users\/1"}],"replies":[{"embeddable":true,"href":"https:\/\/tvbrazilusa.com\/pt\/wp-json\/wp\/v2\/comments?post=4889"}],"version-history":[{"count":1,"href":"https:\/\/tvbrazilusa.com\/pt\/wp-json\/wp\/v2\/posts\/4889\/revisions"}],"predecessor-version":[{"id":4891,"href":"https:\/\/tvbrazilusa.com\/pt\/wp-json\/wp\/v2\/posts\/4889\/revisions\/4891"}],"wp:featuredmedia":[{"embeddable":true,"href":"https:\/\/tvbrazilusa.com\/pt\/wp-json\/wp\/v2\/media\/4890"}],"wp:attachment":[{"href":"https:\/\/tvbrazilusa.com\/pt\/wp-json\/wp\/v2\/media?parent=4889"}],"wp:term":[{"taxonomy":"category","embeddable":true,"href":"https:\/\/tvbrazilusa.com\/pt\/wp-json\/wp\/v2\/categories?post=4889"},{"taxonomy":"post_tag","embeddable":true,"href":"https:\/\/tvbrazilusa.com\/pt\/wp-json\/wp\/v2\/tags?post=4889"}],"curies":[{"name":"wp","href":"https:\/\/api.w.org\/{rel}","templated":true}]}}