{"id":48913,"date":"2024-10-16T23:50:33","date_gmt":"2024-10-16T23:50:33","guid":{"rendered":"https:\/\/tvbrazilusa.com\/2024\/10\/16\/ministros-do-stf-e-do-governo-lula-assistem-ao-jogo-do-brasil-em-um-camarote-no-mane-garrincha\/"},"modified":"2024-10-16T23:50:35","modified_gmt":"2024-10-16T23:50:35","slug":"ministros-do-stf-e-do-governo-lula-assistem-ao-jogo-do-brasil-em-um-camarote-no-mane-garrincha","status":"publish","type":"post","link":"https:\/\/tvbrazilusa.com\/pt\/2024\/10\/16\/ministros-do-stf-e-do-governo-lula-assistem-ao-jogo-do-brasil-em-um-camarote-no-mane-garrincha\/","title":{"rendered":"Ministros do STF e do governo Lula assistem ao jogo do Brasil em um camarote no Man\u00e9 Garrincha"},"content":{"rendered":"<p> <script async src=\"https:\/\/pagead2.googlesyndication.com\/pagead\/js\/adsbygoogle.js?client=ca-pub-8864793242727901\"\r\n     crossorigin=\"anonymous\"><\/script><br \/>\n<\/p>\n<div id=\"taboola-read-more\" style=\"display:block; width:100%\">\n<p>Os ministros do STF (Supremo Tribunal Federal) Alexandre de Moraes, Fl\u00e1vio Dino, Gilmar Mendes e Cristiano Zanin assistiram na noite desta ter\u00e7a-feira (15) ao jogo entre Brasil e Peru na tribuna de honra do est\u00e1dio Man\u00e9 Garrincha, em Bras\u00edlia.\n<\/p>\n<p>Neste mesmo camarote estavam ministros do governo Lula, como Jorge Messias (Advocacia-Geral da Uni\u00e3o) e Paulo Pimenta (Secom), entre outros pol\u00edticos.<\/p>\n<p>De acordo com Pimenta, todos os ministros do governo foram convidados para ver o jogo no camarote da CBF (Confedera\u00e7\u00e3o Brasileira de Futebol).\n<\/p>\n<p>A assessoria de imprensa do STF, por\u00e9m, disse que os ministros da corte ficaram na Tribuna de Honra do est\u00e1dio com convites oferecidos pela administra\u00e7\u00e3o da Arena Man\u00e9 Garrincha e &#8220;entregues por um representante do governo do Distrito Federal&#8221;, que \u00e9 comandado por Ibaneis Rocha (MDB).\n<\/p>\n<p>A CBF n\u00e3o se manifestou.\n<\/p>\n<p>O camarote que abrigou as autoridades fica em regi\u00e3o central do est\u00e1dio, pouco acima do setor de cadeiras inferiores.\n<\/p>\n<p>Boa parte deles estava em trajes sociais. Dino e Messias vestiam camisas dos clubes para os quais torcem, Botafogo e Sport, respectivamente.\n<\/p>\n<p>Pol\u00edticos de oposi\u00e7\u00e3o tamb\u00e9m estiveram nos camarotes do est\u00e1dio. O deputado federal Nikolas Ferreira (PL-MG) postou v\u00eddeo em suas redes sociais a partir de um desses camarotes, na mesma parte do est\u00e1dio onde estava as outras autoridades.\n<\/p>\n<p>O parlamentar bolsonarista, que \u00e9 um dos principais cr\u00edticos de ministros do STF, publicou em outro post uma foto do juiz da partida e escreveu: &#8220;O \u00fanico juiz que presta no est\u00e1dio&#8221;.\n<\/p>\n<p>A presen\u00e7a dos magistrados na tribuna de honra de est\u00e1dio que abrigou jogo da sele\u00e7\u00e3o pelas Eliminat\u00f3rias da Copa do Mundo de Futebol de 2026 se d\u00e1 enquanto o STF julga o futuro do atual presidente da CBF \u2014 entidade que comanda o futebol nacional\u2014, Ednaldo Rodrigues, e de oito vice-presidentes.\n<\/p>\n<p>Os ministros analisam no julgamento se a elei\u00e7\u00e3o de Rodrigues, ocorrida em 2022, foi legal.\n<\/p>\n<p>O Tribunal de Justi\u00e7a do Rio de Janeiro decidiu em dezembro de 2023 que a elei\u00e7\u00e3o era ilegal e que os mandatos do presidente e de todos os vice-presidentes eram nulos.\n<\/p>\n<p>Menos de um m\u00eas depois, em 4 de janeiro deste ano, o ministro Gilmar Mendes, um dos presentes na partida, concedeu uma liminar anulando a decis\u00e3o do tribunal carioca e mantendo a c\u00fapula da entidade em seus cargos.\n<\/p>\n<p>O caso foi a plen\u00e1rio para ser analisado no \u00faltimo dia 9, com o ministro Gilmar Mendes votando no mesmo sentido da liminar, pela validade das elei\u00e7\u00f5es na CBF e, portanto, para que Rodrigues continue no cargo at\u00e9 a pr\u00f3xima elei\u00e7\u00e3o.\n<\/p>\n<p>O seu voto pedia para que o m\u00e9rito do caso fosse julgado e n\u00e3o somente a validade da liminar. Segundo Mendes, o Judici\u00e1rio deve evitar intervir em entidades esportivas como a CBF por motivos de seguran\u00e7a jur\u00eddica.\n<\/p>\n<p>Logo em seguida, o ministro Fl\u00e1vio Dino pediu vistas e uma decis\u00e3o final do STF foi postergada. N\u00e3o h\u00e1 defini\u00e7\u00e3o de quando a an\u00e1lise ser\u00e1 retomada. Antes do in\u00edcio da an\u00e1lise, o caso foi pautado ao menos cinco vezes no plen\u00e1rio da corte.\n<\/p>\n<p>Rodrigues chegou ao comando da CBF ap\u00f3s o afastamento de seu antecessor, Rog\u00e9rio Caboclo, alvo de den\u00fancias de ass\u00e9dio contra funcion\u00e1rias.\n<\/p>\n<p>\u00c0 \u00e9poca, Rodrigues presidia a entidade interinamente e firmou um Termo de Ajustamento de Conduta com o Minist\u00e9rio P\u00fablico do Rio de Janeiro, o que abriu caminho para fosse eleito mais tarde e efetivado no cargo.\n<\/p>\n<p>Luiz Fux e o presidente do STF, Lu\u00eds Roberto Barroso, se declaram impedidos de participar desse julgamento por haver pessoas pr\u00f3ximas deles que advogaram no caso.\n<\/p>\n<p>No jogo desta ter\u00e7a-feira, o Brasil venceu o Peru por 4 a 0, com gols de Raphinha (duas vezes), Andreas Pereira e Luis Henrique.\n<\/p>\n<p>O Man\u00e9 Garrincha, que se chama oficialmente Arena BRB Man\u00e9 Garrincha, foi o mais caro entre as 12 sedes da Copa de 2014, tendo custado cerca de R$ 2,5 bilh\u00f5es em valores atuais, corrigidos pela infla\u00e7\u00e3o.\n<\/p>\n<p>Em 2020, o governo federal repassou a administra\u00e7\u00e3o para a iniciativa privada.\n<\/p>\n<p>O dono da Arena BSB, empresa que tem a concess\u00e3o do est\u00e1dio, \u00e9 Richard Dubois. O empres\u00e1rio atuou em consultorias internacionais antes de vencer a disputa pela gest\u00e3o da arena. Al\u00e9m do est\u00e1dio, ele tamb\u00e9m arrematou a Torre de TV Digital de Bras\u00edlia, um edif\u00edcio cujo projeto \u00e9 de Oscar Niemeyer.\n<\/p>\n<p>Fonte: Folha de S.Paulo <\/p>\n<\/div>\n<p><br \/>\n<br \/><a href=\"https:\/\/diariodobrasilnoticias.com.br\/noticia\/ministros-do-stf-e-do-governo-lula-assistem-ao-jogo-do-brasil-em-um-camarote-no-mane-garrincha-671029f7e6814\">Source link <\/a><\/p>","protected":false},"excerpt":{"rendered":"<p>Os ministros do STF (Supremo Tribunal Federal) Alexandre de Moraes, Fl\u00e1vio Dino, Gilmar Mendes e Cristiano Zanin assistiram na noite desta ter\u00e7a-feira (15) ao jogo entre Brasil e Peru na&hellip;<\/p>","protected":false},"author":1,"featured_media":48914,"comment_status":"closed","ping_status":"open","sticky":false,"template":"","format":"standard","meta":{"content-type":"","footnotes":""},"categories":[16],"tags":[123,2448,5313,1267],"class_list":["post-48913","post","type-post","status-publish","format-standard","has-post-thumbnail","hentry","category-noticias","tag-brasil","tag-diario","tag-noticia","tag-noticias"],"_links":{"self":[{"href":"https:\/\/tvbrazilusa.com\/pt\/wp-json\/wp\/v2\/posts\/48913","targetHints":{"allow":["GET"]}}],"collection":[{"href":"https:\/\/tvbrazilusa.com\/pt\/wp-json\/wp\/v2\/posts"}],"about":[{"href":"https:\/\/tvbrazilusa.com\/pt\/wp-json\/wp\/v2\/types\/post"}],"author":[{"embeddable":true,"href":"https:\/\/tvbrazilusa.com\/pt\/wp-json\/wp\/v2\/users\/1"}],"replies":[{"embeddable":true,"href":"https:\/\/tvbrazilusa.com\/pt\/wp-json\/wp\/v2\/comments?post=48913"}],"version-history":[{"count":1,"href":"https:\/\/tvbrazilusa.com\/pt\/wp-json\/wp\/v2\/posts\/48913\/revisions"}],"predecessor-version":[{"id":48915,"href":"https:\/\/tvbrazilusa.com\/pt\/wp-json\/wp\/v2\/posts\/48913\/revisions\/48915"}],"wp:featuredmedia":[{"embeddable":true,"href":"https:\/\/tvbrazilusa.com\/pt\/wp-json\/wp\/v2\/media\/48914"}],"wp:attachment":[{"href":"https:\/\/tvbrazilusa.com\/pt\/wp-json\/wp\/v2\/media?parent=48913"}],"wp:term":[{"taxonomy":"category","embeddable":true,"href":"https:\/\/tvbrazilusa.com\/pt\/wp-json\/wp\/v2\/categories?post=48913"},{"taxonomy":"post_tag","embeddable":true,"href":"https:\/\/tvbrazilusa.com\/pt\/wp-json\/wp\/v2\/tags?post=48913"}],"curies":[{"name":"wp","href":"https:\/\/api.w.org\/{rel}","templated":true}]}}