{"id":48919,"date":"2024-10-17T00:07:15","date_gmt":"2024-10-17T00:07:15","guid":{"rendered":"https:\/\/tvbrazilusa.com\/2024\/10\/17\/santo-apagao-analise-do-psol-afirma-que-uma-nova-tempestade-seria-bem-vinda\/"},"modified":"2024-10-17T00:07:15","modified_gmt":"2024-10-17T00:07:15","slug":"santo-apagao-analise-do-psol-afirma-que-uma-nova-tempestade-seria-bem-vinda","status":"publish","type":"post","link":"https:\/\/tvbrazilusa.com\/pt\/2024\/10\/17\/santo-apagao-analise-do-psol-afirma-que-uma-nova-tempestade-seria-bem-vinda\/","title":{"rendered":"&#8216;Santo apag\u00e3o&#8217;: an\u00e1lise do PSOL afirma que uma nova tempestade &#8216;seria bem-vinda&#8217;"},"content":{"rendered":"<p> <script async src=\"https:\/\/pagead2.googlesyndication.com\/pagead\/js\/adsbygoogle.js?client=ca-pub-8864793242727901\"\r\n     crossorigin=\"anonymous\"><\/script><br \/>\n<\/p>\n<div id=\"taboola-read-more\" style=\"display:block; width:100%\">\n<p>Uma an\u00e1lise interna feita por um integrante do PSol, partido do candidato \u00e0 Prefeitura da capital Guilherme Boulos, chama de \u201csanto apag\u00e3o\u201d o blecaute que afetou milhares de im\u00f3veis na cidade por causa do temporal da \u00faltima sexta-feira (11\/10) porque o epis\u00f3dio teria ajudado o psolista a reduzir a vantagem do prefeito e candidato \u00e0 reelei\u00e7\u00e3o Ricardo Nunes (MDB), segundo pesquisas internas.\n<\/p>\n<p>O texto, obtido pelo Metr\u00f3poles com uma fonte da campanha de Boulos, diz que \u201co apag\u00e3o nos levou a novo patamar\u201d, mas que a \u201cqueda de Nunes\u201d nas pesquisas \u201cprovavelmente n\u00e3o se manter\u00e1 no mesmo ritmo passada a como\u00e7\u00e3o\u201d. Diante dessa previs\u00e3o, a mensagem afirma que \u201cuma nova chuva com ventos fortes seria bem-vinda\u201d.<\/p>\n<p>A equipe de Boulos nega que o texto seja de autoria da campanha e diz desconhecer a origem da mensagem.\n<\/p>\n<p>Com o t\u00edtulo \u201cSanto apag\u00e3o\u201d, a an\u00e1lise aponta o aumento da avalia\u00e7\u00e3o negativa a respeito da gest\u00e3o Nunes diante dos problemas enfrentados pela falta de energia el\u00e9trica, que entrou no quinto dia nesta quarta-feira (16\/10). O candidato do PSol t\u00eam explorado politicamente a demora da gest\u00e3o em podar \u00e1rvores e apontado para falhas em medidas de contingenciamento contra as chuvas.\n<\/p>\n<p>O texto foi enviado na segunda-feira (14\/10) para diversos integrantes da campanha por um membro do PSol ligado \u00e0 an\u00e1lise de dados interna. O nome do autor do texto n\u00e3o foi revelado. Nele, s\u00e3o apresentados os mesmos n\u00fameros do \u00faltimo tracking \u2013 nome dado \u00e0 pesquisa interna \u2013, mas com acr\u00e9scimo de coment\u00e1rios como \u201cuma nova chuva com ventos fortes seria bem-vinda\u201d\n<\/p>\n<p>Procurada, a campanha de Boulos afirmou que \u201cjamais ver\u00e1 como vantagem a crise que atingiu de maneira cruel a cidade de S\u00e3o Paulo na \u00faltima sexta-feira\u201d.\n<\/p>\n<p>Internamente, a an\u00e1lise das pesquisas eleitorais e dos trackings cabe a Juliano Medeiros, ex-presidente nacional do PSol, respons\u00e1vel, tamb\u00e9m, por apresentar os dados aos demais integrantes todas as segundas-feiras em uma reuni\u00e3o da coordena\u00e7\u00e3o de campanha.\n<\/p>\n<p>O relat\u00f3rio feito por Juliano para essa segunda (14\/10) sobre os resultados mais recentes nas \u00faltimas pesquisas, tamb\u00e9m conferido pelo Metr\u00f3poles, apresenta observa\u00e7\u00f5es t\u00e9cnicas, sem adjetiva\u00e7\u00f5es e difere do tipo de texto intitulado \u201csanto apag\u00e3o\u201d enviado a integrantes da campanha pelo WhatsApp.\n<\/p>\n<p>\u201cA campanha de Guilherme Boulos n\u00e3o reconhece o conte\u00fado obtido pelo Metr\u00f3poles e \u00e9 enf\u00e1tica ao afirmar que esse texto n\u00e3o \u00e9 de autoria de Juliano Medeiros nem corresponde ou se assemelha \u00e0 an\u00e1lise produzida com base nos trackings internos que foi enviada aos membros da coordena\u00e7\u00e3o\u201d, diz a equipe de Boulos, em nota.\n<\/p>\n<p><strong>\u201cA campanha refor\u00e7a ainda que jamais ver\u00e1 como vantagem a crise que atingiu de maneira cruel a cidade de S\u00e3o Paulo na \u00faltima sexta-feira. Nossa prioridade \u00e9 antes de tudo o bem-estar da popula\u00e7\u00e3o\u201d, finaliza.<\/strong>\n<\/p>\n<p>Apag\u00e3o pauta campanha<br \/>O apag\u00e3o ocorrido na cidade durante o temporal da \u00faltima sexta-feira tem pautado o hor\u00e1rio eleitoral na TV e foi o principal tema do primeiro debate entre Boulos e Nunes, na segunda-feira (14\/10), na TV Bandeirantes.\n<\/p>\n<p>Boulos perguntou a Nunes diversas vezes, de forma ret\u00f3rica, sobre quem seria o respons\u00e1vel pela poda de \u00e1rvores e pela manuten\u00e7\u00e3o dos sem\u00e1foros na cidade, atribui\u00e7\u00f5es que cabem \u00e0 Prefeitura.\n<\/p>\n<p>O psolista tamb\u00e9m tem destacado que a atual diretoria da Ag\u00eancia Nacional de Energia El\u00e9trica (Aneel), respons\u00e1vel pela fiscaliza\u00e7\u00e3o da concess\u00e3o da Enel, foi nomeada pelo governo Jair Bolsonaro (PL), que apoia a reelei\u00e7\u00e3o de Nunes.\n<\/p>\n<p>O atual prefeito tem responsabilizado a Enel pelo apag\u00e3o e cobrado o governo do presidente Luiz In\u00e1cio Lula da Silva (PT), aliado de Boulos, por uma interven\u00e7\u00e3o na concession\u00e1ria.\n<\/p>\n<p>Fonte: Metr\u00f3poles <\/p>\n<\/div>\n<p><br \/>\n<br \/><a href=\"https:\/\/diariodobrasilnoticias.com.br\/noticia\/-santo-apagao-analise-do-psol-afirma-que-uma-nova-tempestade-seria-bem-vinda-67102922694be\">Source link <\/a><\/p>","protected":false},"excerpt":{"rendered":"<p>Uma an\u00e1lise interna feita por um integrante do PSol, partido do candidato \u00e0 Prefeitura da capital Guilherme Boulos, chama de \u201csanto apag\u00e3o\u201d o blecaute que afetou milhares de im\u00f3veis na&hellip;<\/p>","protected":false},"author":1,"featured_media":48920,"comment_status":"closed","ping_status":"open","sticky":false,"template":"","format":"standard","meta":{"content-type":"","footnotes":""},"categories":[16],"tags":[123,2448,5313,1267],"class_list":["post-48919","post","type-post","status-publish","format-standard","has-post-thumbnail","hentry","category-noticias","tag-brasil","tag-diario","tag-noticia","tag-noticias"],"_links":{"self":[{"href":"https:\/\/tvbrazilusa.com\/pt\/wp-json\/wp\/v2\/posts\/48919","targetHints":{"allow":["GET"]}}],"collection":[{"href":"https:\/\/tvbrazilusa.com\/pt\/wp-json\/wp\/v2\/posts"}],"about":[{"href":"https:\/\/tvbrazilusa.com\/pt\/wp-json\/wp\/v2\/types\/post"}],"author":[{"embeddable":true,"href":"https:\/\/tvbrazilusa.com\/pt\/wp-json\/wp\/v2\/users\/1"}],"replies":[{"embeddable":true,"href":"https:\/\/tvbrazilusa.com\/pt\/wp-json\/wp\/v2\/comments?post=48919"}],"version-history":[{"count":1,"href":"https:\/\/tvbrazilusa.com\/pt\/wp-json\/wp\/v2\/posts\/48919\/revisions"}],"predecessor-version":[{"id":48921,"href":"https:\/\/tvbrazilusa.com\/pt\/wp-json\/wp\/v2\/posts\/48919\/revisions\/48921"}],"wp:featuredmedia":[{"embeddable":true,"href":"https:\/\/tvbrazilusa.com\/pt\/wp-json\/wp\/v2\/media\/48920"}],"wp:attachment":[{"href":"https:\/\/tvbrazilusa.com\/pt\/wp-json\/wp\/v2\/media?parent=48919"}],"wp:term":[{"taxonomy":"category","embeddable":true,"href":"https:\/\/tvbrazilusa.com\/pt\/wp-json\/wp\/v2\/categories?post=48919"},{"taxonomy":"post_tag","embeddable":true,"href":"https:\/\/tvbrazilusa.com\/pt\/wp-json\/wp\/v2\/tags?post=48919"}],"curies":[{"name":"wp","href":"https:\/\/api.w.org\/{rel}","templated":true}]}}