{"id":48925,"date":"2024-10-17T00:33:12","date_gmt":"2024-10-17T00:33:12","guid":{"rendered":"https:\/\/tvbrazilusa.com\/2024\/10\/17\/justica-derruba-proibicao-da-filha-de-roberto-jefferson-e-agora-ela-pode-exercer-cargo-publico\/"},"modified":"2024-10-17T00:33:13","modified_gmt":"2024-10-17T00:33:13","slug":"justica-derruba-proibicao-da-filha-de-roberto-jefferson-e-agora-ela-pode-exercer-cargo-publico","status":"publish","type":"post","link":"https:\/\/tvbrazilusa.com\/pt\/2024\/10\/17\/justica-derruba-proibicao-da-filha-de-roberto-jefferson-e-agora-ela-pode-exercer-cargo-publico\/","title":{"rendered":"Justi\u00e7a derruba proibi\u00e7\u00e3o da filha de Roberto Jefferson e agora ela pode exercer cargo p\u00fablico"},"content":{"rendered":"<p> <script async src=\"https:\/\/pagead2.googlesyndication.com\/pagead\/js\/adsbygoogle.js?client=ca-pub-8864793242727901\"\r\n     crossorigin=\"anonymous\"><\/script><br \/>\n<\/p>\n<p>A Justi\u00e7a do Rio de Janeiro liberou Cristiane Brasil para voltar a exercer fun\u00e7\u00e3o p\u00fablica. Desembargadores da 5\u00aa C\u00e2mara Criminal substitu\u00edram a suspens\u00e3o determinada cautelarmente no \u00e2mbito da Opera\u00e7\u00e3o Catarata pelo comparecimento peri\u00f3dico em ju\u00edzo.\n<\/p>\n<p>A ex-deputada foi um dos alvos da opera\u00e7\u00e3o que apurou esquema de fraudes na execu\u00e7\u00e3o de projetos sociais na capital fluminense entre 2013 e 2018. Ela chegou a ser presa em 2020 ap\u00f3s ser apontada pelo Minist\u00e9rio P\u00fablico como a \u201cFada Madrinha\u201d do esquema que teria resultado em desvios milion\u00e1rios dos cofres p\u00fablicos.<\/p>\n<div data-block-type=\"unstyled\" data-block-weight=\"62\">\n<p class=\"content-text__container\" data-track-category=\"Link no Texto\" data-track-links=\"data-track-links\">Em maio, o STJ anulou todas as decis\u00f5es proferidas pela 26\u00aa Vara Criminal do Rio de Janeiro desde o recebimento da den\u00fancia contra Cristiane Brasil no \u00e2mbito da Catarata. O ministro Messod Azulay entendeu que o caso n\u00e3o poderia ser julgado pela primeira inst\u00e2ncia, uma vez que o ex-secret\u00e1rio estadual de Educa\u00e7\u00e3o, Pedro Fernandes, um dos investigados, tinha foro privilegiado \u00e0 \u00e9poca.\n<\/p>\n<\/div>\n<div data-block-type=\"unstyled\" data-block-weight=\"50\">\n<p class=\"content-text__container\" data-track-category=\"Link no Texto\" data-track-links=\"data-track-links\">O ju\u00edzo de primeiro grau precisou reanalisar a den\u00fancia, mas manteve as medidas cautelares impostas \u00e0 ex-deputada, entre elas a suspens\u00e3o do exerc\u00edcio de fun\u00e7\u00e3o p\u00fablica, da qual ela est\u00e1 afastada desde novembro de 2020. A \u00faltima vez que ocupou cargo p\u00fablico foi em 2018, quando n\u00e3o se reelegeu deputada.\n<\/p>\n<\/div>\n<div data-block-type=\"unstyled\" data-block-weight=\"43\">\n<p class=\"content-text__container\" data-track-category=\"Link no Texto\" data-track-links=\"data-track-links\">A defesa de Cris Brasil argumentou que a manuten\u00e7\u00e3o da medida era &#8220;desproporcional&#8221; e &#8220;desnecess\u00e1ria&#8221;. O advogado Jo\u00e3o Pedro Barreto alegou ainda que os fatos imputados a ela n\u00e3o foram praticados quando a ex-parlamentar exercia fun\u00e7\u00e3o p\u00fablica e, portanto, a cautelar seria &#8220;in\u00f3cua&#8221;.\n<\/p>\n<\/div>\n<div data-block-type=\"unstyled\" data-block-weight=\"12\">\n<p class=\"content-text__container\" data-track-category=\"Link no Texto\" data-track-links=\"data-track-links\">Os desembargadores da 5\u00aa C\u00e2mara Criminal acolheram por unanimidade o habeas corpus.\n<\/p>\n<p class=\"content-text__container\" data-track-category=\"Link no Texto\" data-track-links=\"data-track-links\">\u00a0\n<\/p>\n<\/div>\n<p><br \/>\n<br \/><a href=\"https:\/\/diariodobrasilnoticias.com.br\/noticia\/justica-derruba-proibicao-da-filha-de-roberto-jefferson-e-agora-ele-pode-exercer-cargo-publico-67102a7b8ba0d\">Source link <\/a><\/p>","protected":false},"excerpt":{"rendered":"<p>A Justi\u00e7a do Rio de Janeiro liberou Cristiane Brasil para voltar a exercer fun\u00e7\u00e3o p\u00fablica. Desembargadores da 5\u00aa C\u00e2mara Criminal substitu\u00edram a suspens\u00e3o determinada cautelarmente no \u00e2mbito da Opera\u00e7\u00e3o Catarata&hellip;<\/p>","protected":false},"author":1,"featured_media":48926,"comment_status":"closed","ping_status":"open","sticky":false,"template":"","format":"standard","meta":{"content-type":"","footnotes":""},"categories":[16],"tags":[123,2448,5313,1267],"class_list":["post-48925","post","type-post","status-publish","format-standard","has-post-thumbnail","hentry","category-noticias","tag-brasil","tag-diario","tag-noticia","tag-noticias"],"_links":{"self":[{"href":"https:\/\/tvbrazilusa.com\/pt\/wp-json\/wp\/v2\/posts\/48925","targetHints":{"allow":["GET"]}}],"collection":[{"href":"https:\/\/tvbrazilusa.com\/pt\/wp-json\/wp\/v2\/posts"}],"about":[{"href":"https:\/\/tvbrazilusa.com\/pt\/wp-json\/wp\/v2\/types\/post"}],"author":[{"embeddable":true,"href":"https:\/\/tvbrazilusa.com\/pt\/wp-json\/wp\/v2\/users\/1"}],"replies":[{"embeddable":true,"href":"https:\/\/tvbrazilusa.com\/pt\/wp-json\/wp\/v2\/comments?post=48925"}],"version-history":[{"count":1,"href":"https:\/\/tvbrazilusa.com\/pt\/wp-json\/wp\/v2\/posts\/48925\/revisions"}],"predecessor-version":[{"id":48927,"href":"https:\/\/tvbrazilusa.com\/pt\/wp-json\/wp\/v2\/posts\/48925\/revisions\/48927"}],"wp:featuredmedia":[{"embeddable":true,"href":"https:\/\/tvbrazilusa.com\/pt\/wp-json\/wp\/v2\/media\/48926"}],"wp:attachment":[{"href":"https:\/\/tvbrazilusa.com\/pt\/wp-json\/wp\/v2\/media?parent=48925"}],"wp:term":[{"taxonomy":"category","embeddable":true,"href":"https:\/\/tvbrazilusa.com\/pt\/wp-json\/wp\/v2\/categories?post=48925"},{"taxonomy":"post_tag","embeddable":true,"href":"https:\/\/tvbrazilusa.com\/pt\/wp-json\/wp\/v2\/tags?post=48925"}],"curies":[{"name":"wp","href":"https:\/\/api.w.org\/{rel}","templated":true}]}}