{"id":4897,"date":"2024-07-21T09:00:00","date_gmt":"2024-07-21T09:00:00","guid":{"rendered":"https:\/\/tvbrazilusa.com\/2024\/07\/21\/mudancas-recentes-no-auxilio-por-incapacidade-temporaria-do-inss\/"},"modified":"2024-07-21T09:06:25","modified_gmt":"2024-07-21T09:06:25","slug":"mudancas-recentes-no-auxilio-por-incapacidade-temporaria-do-inss","status":"publish","type":"post","link":"https:\/\/tvbrazilusa.com\/pt\/2024\/07\/21\/mudancas-recentes-no-auxilio-por-incapacidade-temporaria-do-inss\/","title":{"rendered":"Mudan\u00e7as recentes no aux\u00edlio por incapacidade tempor\u00e1ria do INSS"},"content":{"rendered":"<p> <script async src=\"https:\/\/pagead2.googlesyndication.com\/pagead\/js\/adsbygoogle.js?client=ca-pub-8864793242727901\"\r\n     crossorigin=\"anonymous\"><\/script><br \/>\n<\/p>\n<div>\n<p>Nada \u00e9 mais essencial do que assegurar o bem-estar dos cidad\u00e3os atrav\u00e9s de pol\u00edticas de seguridade social eficazes. No cora\u00e7\u00e3o dessas pol\u00edticas, recentemente, o Instituto Nacional do Seguro Social (<a href=\"https:\/\/meu.inss.gov.br\/#\/login\">INSS<\/a>), em parceria com o Minist\u00e9rio da Previd\u00eancia, implementou significativas altera\u00e7\u00f5es nas regras relacionadas \u00e0 prorroga\u00e7\u00e3o dos benef\u00edcios por incapacidade tempor\u00e1ria. Essas mudan\u00e7as, que visam proporcionar maior seguran\u00e7a e facilidade na extens\u00e3o desses benef\u00edcios, s\u00e3o cruciais para quem passa por momentos de sa\u00fade delicados e n\u00e3o consegue retornar ao trabalho.<\/p>\n<p>Essas atualiza\u00e7\u00f5es recentes, j\u00e1 em vigor, foram idealizadas para tornar mais simples o processo de concess\u00e3o de benef\u00edcios, evitando que os trabalhadores enfrentem desamparo financeiro em per\u00edodos de recupera\u00e7\u00e3o de sa\u00fade. Dessa maneira, aqueles que, por agora, n\u00e3o est\u00e3o aptos a reassumir suas atividades laborais podem ter um pouco mais de tranquilidade durante sua convalesc\u00eancia.<\/p>\n<h2 class=\"wp-block-heading\">Como funcionam as novas regras de prorroga\u00e7\u00e3o do aux\u00edlio por incapacidade tempor\u00e1ria?<\/h2>\n<p>As mudan\u00e7as introduzidas pelo <a href=\"https:\/\/terrabrasilnoticias.com\/\">INSS <\/a>permitem que o segurado solicite a extens\u00e3o de seu benef\u00edcio de incapacidade tempor\u00e1ria nos \u00faltimos 15 dias antes do final do prazo inicialmente estipulado. Esse pedido pr\u00e9vio \u00e9 um esfor\u00e7o para minimizar os per\u00edodos sem a cobertura do benef\u00edcio, garantindo uma transi\u00e7\u00e3o mais suave enquanto o segurado ainda se recupera.<\/p>\n<h2 class=\"wp-block-heading\">Qual a import\u00e2ncia da per\u00edcia m\u00e9dica no novo procedimento?<\/h2>\n<p>A per\u00edcia m\u00e9dica continua sendo um componente vital neste processo. Um dos avan\u00e7os mais not\u00e1veis diz respeito ao agendamento desta per\u00edcia: se n\u00e3o for poss\u00edvel realiz\u00e1-la dentro de 30 dias ap\u00f3s a solicita\u00e7\u00e3o de prorroga\u00e7\u00e3o, o <strong>INSS <\/strong>prorroga automaticamente o benef\u00edcio por mais um m\u00eas. Esse novo m\u00e9todo garante que o indiv\u00edduo n\u00e3o fique sem assist\u00eancia financeira enquanto espera pela avalia\u00e7\u00e3o necess\u00e1ria.<\/p>\n<h2 class=\"wp-block-heading\">Passos para solicitar a prorroga\u00e7\u00e3o do benef\u00edcio<\/h2>\n<ol class=\"wp-block-list\">\n<li>Acesse o portal ou baixe o aplicativo\u00a0<strong>Meu INSS<\/strong>\u00a0para realizar a solicita\u00e7\u00e3o de maneira totalmente digital.<\/li>\n<li>Se necessitar ou preferir o atendimento presencial, v\u00e1 at\u00e9 uma das ag\u00eancias da Previd\u00eancia Social mais pr\u00f3xima.<\/li>\n<\/ol>\n<p>Manter as informa\u00e7\u00f5es pessoais atualizadas e estar atento \u00e0s novidades implementadas pelo INSS \u00e9 crucial para todos os segurados. Essas mudan\u00e7as t\u00eam o objetivo de simplificar e agilizar o apoio oferecido nos benef\u00edcios por incapacidade tempor\u00e1ria, um suporte vital para quem se encontra impossibilitado de exercer suas fun\u00e7\u00f5es profissionais temporariamente.<\/p>\n<p>Para manter-se sempre informado e garantir todos os direitos e benef\u00edcios que voc\u00ea pode ter direito, \u00e9 recomend\u00e1vel consultar frequentemente o site oficial do INSS e os canais de comunica\u00e7\u00e3o oficiais. Afinal, estar bem informado \u00e9 o primeiro passo para assegurar que voc\u00ea est\u00e1 aproveitando devidamente todas as disposi\u00e7\u00f5es e suportes dispon\u00edveis em tempos de necessidade.<\/p>\n<\/p><\/div>\n<p><br \/>\n<br \/><a href=\"https:\/\/terrabrasilnoticias.com\/2024\/07\/mudancas-recentes-no-auxilio-por-incapacidade-temporaria-do-inss\/\">Source link <\/a><\/p>","protected":false},"excerpt":{"rendered":"<p>Nada \u00e9 mais essencial do que assegurar o bem-estar dos cidad\u00e3os atrav\u00e9s de pol\u00edticas de seguridade social eficazes. No cora\u00e7\u00e3o dessas pol\u00edticas, recentemente, o Instituto Nacional do Seguro Social (INSS),&hellip;<\/p>","protected":false},"author":1,"featured_media":4898,"comment_status":"closed","ping_status":"open","sticky":false,"template":"","format":"standard","meta":{"content-type":"","footnotes":""},"categories":[16],"tags":[],"class_list":["post-4897","post","type-post","status-publish","format-standard","has-post-thumbnail","hentry","category-noticias"],"_links":{"self":[{"href":"https:\/\/tvbrazilusa.com\/pt\/wp-json\/wp\/v2\/posts\/4897","targetHints":{"allow":["GET"]}}],"collection":[{"href":"https:\/\/tvbrazilusa.com\/pt\/wp-json\/wp\/v2\/posts"}],"about":[{"href":"https:\/\/tvbrazilusa.com\/pt\/wp-json\/wp\/v2\/types\/post"}],"author":[{"embeddable":true,"href":"https:\/\/tvbrazilusa.com\/pt\/wp-json\/wp\/v2\/users\/1"}],"replies":[{"embeddable":true,"href":"https:\/\/tvbrazilusa.com\/pt\/wp-json\/wp\/v2\/comments?post=4897"}],"version-history":[{"count":1,"href":"https:\/\/tvbrazilusa.com\/pt\/wp-json\/wp\/v2\/posts\/4897\/revisions"}],"predecessor-version":[{"id":4899,"href":"https:\/\/tvbrazilusa.com\/pt\/wp-json\/wp\/v2\/posts\/4897\/revisions\/4899"}],"wp:featuredmedia":[{"embeddable":true,"href":"https:\/\/tvbrazilusa.com\/pt\/wp-json\/wp\/v2\/media\/4898"}],"wp:attachment":[{"href":"https:\/\/tvbrazilusa.com\/pt\/wp-json\/wp\/v2\/media?parent=4897"}],"wp:term":[{"taxonomy":"category","embeddable":true,"href":"https:\/\/tvbrazilusa.com\/pt\/wp-json\/wp\/v2\/categories?post=4897"},{"taxonomy":"post_tag","embeddable":true,"href":"https:\/\/tvbrazilusa.com\/pt\/wp-json\/wp\/v2\/tags?post=4897"}],"curies":[{"name":"wp","href":"https:\/\/api.w.org\/{rel}","templated":true}]}}