{"id":48979,"date":"2024-10-17T03:08:40","date_gmt":"2024-10-17T03:08:40","guid":{"rendered":"https:\/\/tvbrazilusa.com\/2024\/10\/17\/se-minha-inelegibilidade-for-adiante-eu-jogo-a-toalha-afirma-bolsonaro\/"},"modified":"2024-10-17T03:08:40","modified_gmt":"2024-10-17T03:08:40","slug":"se-minha-inelegibilidade-for-adiante-eu-jogo-a-toalha-afirma-bolsonaro","status":"publish","type":"post","link":"https:\/\/tvbrazilusa.com\/pt\/2024\/10\/17\/se-minha-inelegibilidade-for-adiante-eu-jogo-a-toalha-afirma-bolsonaro\/","title":{"rendered":"\u201cSe minha inelegibilidade for adiante, eu jogo a toalha\u201d, afirma Bolsonaro"},"content":{"rendered":"<p> <script async src=\"https:\/\/pagead2.googlesyndication.com\/pagead\/js\/adsbygoogle.js?client=ca-pub-8864793242727901\"\r\n     crossorigin=\"anonymous\"><\/script><br \/>\n<\/p>\n<div id=\"taboola-read-more\" style=\"display:block; width:100%\">\n<p>Em entrevista \u00e0 r\u00e1dio AuriVerde Brasil nesta quarta-feira, 16, o ex-presidente Jair Bolsonaro (PL) afirmou que \u201cjogar\u00e1 a toalha\u201d caso ele ainda esteja ineleg\u00edvel nas elei\u00e7\u00f5es de 2026.\n<\/p>\n<p>Ao comentar contradi\u00e7\u00f5es internas do PL, partido que mant\u00e9m ainda parte de seus quadros ligados ao petismo, e o cen\u00e1rio eleitoral para as pr\u00f3ximas elei\u00e7\u00f5es gerais, o ex-presidente da Rep\u00fablica disse que \u00e9 alvo de uma persegui\u00e7\u00e3o.<\/p>\n<p>\u201cQue voto eu ganhei ao me reunir com os embaixadores? Outra\u2026 que abuso de poder econ\u00f4mico foi eu estar no carro de som do pastor Silas Malafaia? \u00c9 uma persegui\u00e7\u00e3o. Se isso for avante, essa inelegibilidade continuar valendo, eu jogo a toalha, n\u00e3o acredito mais no Brasil, no meu pais que tanto amo e adora\u201d, disse o ex-presidente.\n<\/p>\n<p>\u201cRealente \u00e9 inacredit\u00e1vel. Se isso continuar valendo, eu s\u00f3 tenho um caminho: cuidar da minha vida\u201d, declarou. Para o ex-presidente da Rep\u00fablica, ele \u00e9 alvo de uma persegui\u00e7\u00e3o do TSE e as duas declara\u00e7\u00f5es de inelegibilidade pela Corte ocorreram para, na vis\u00e3o dele, afast\u00e1-lo das elei\u00e7\u00f5es de 2026.\n<\/p>\n<p>O ex-presidente Jair Bolsonaro foi declarado ineleg\u00edvel em duas a\u00e7\u00f5es no Tribunal Superior Eleitoral em 2023. Na primeira, Bolsonaro foi condenado por abuso de poder econ\u00f4mico em fun\u00e7\u00e3o de uma reuni\u00e3o com embaixadores no Pal\u00e1cio da Alvorada; na outra, o TSE entendeu que o ex-presidente foi beneficiado do desfile c\u00edvico-militar de 7 de setembro de 2022.\n<\/p>\n<p>\u201cEstou proibido de conversar [com o Valdemar]. Isso tem prejudicado muito. A suspens\u00e3o do X tamb\u00e9m, isso atrapalhou a gente tamb\u00e9m. Das nove [capitais] que disputaremos, a maioria n\u00f3s vamos conseguir eleger os nossos candidatos do PL\u201d, acrescentou o ex-presidente sobre as elei\u00e7\u00f5es deste ano.\n<\/p>\n<p>Apesar das falas do ex-presidente, integrantes do TSE entendem serem m\u00ednimas as chances de Jair Bolsonaro de ter condi\u00e7\u00f5es de disputar as elei\u00e7\u00f5es presidenciais em 2026. Por isso, aliados do capit\u00e3o reformado defendem um nome alternativo como o do governador de S\u00e3o Paulo, Tarc\u00edsio de Freitas (Republicanos).\n<\/p>\n<p>Fonte: O Antagonista <\/p>\n<\/div>\n<p><br \/>\n<br \/><a href=\"https:\/\/diariodobrasilnoticias.com.br\/noticia\/-se-minha-inelegibilidade-for-adiante-eu-jogo-a-toalha-afirma-bolsonaro-6710325eaddd8\">Source link <\/a><\/p>","protected":false},"excerpt":{"rendered":"<p>Em entrevista \u00e0 r\u00e1dio AuriVerde Brasil nesta quarta-feira, 16, o ex-presidente Jair Bolsonaro (PL) afirmou que \u201cjogar\u00e1 a toalha\u201d caso ele ainda esteja ineleg\u00edvel nas elei\u00e7\u00f5es de 2026. Ao comentar&hellip;<\/p>","protected":false},"author":1,"featured_media":48980,"comment_status":"closed","ping_status":"open","sticky":false,"template":"","format":"standard","meta":{"content-type":"","footnotes":""},"categories":[16],"tags":[123,2448,5313,1267],"class_list":["post-48979","post","type-post","status-publish","format-standard","has-post-thumbnail","hentry","category-noticias","tag-brasil","tag-diario","tag-noticia","tag-noticias"],"_links":{"self":[{"href":"https:\/\/tvbrazilusa.com\/pt\/wp-json\/wp\/v2\/posts\/48979","targetHints":{"allow":["GET"]}}],"collection":[{"href":"https:\/\/tvbrazilusa.com\/pt\/wp-json\/wp\/v2\/posts"}],"about":[{"href":"https:\/\/tvbrazilusa.com\/pt\/wp-json\/wp\/v2\/types\/post"}],"author":[{"embeddable":true,"href":"https:\/\/tvbrazilusa.com\/pt\/wp-json\/wp\/v2\/users\/1"}],"replies":[{"embeddable":true,"href":"https:\/\/tvbrazilusa.com\/pt\/wp-json\/wp\/v2\/comments?post=48979"}],"version-history":[{"count":1,"href":"https:\/\/tvbrazilusa.com\/pt\/wp-json\/wp\/v2\/posts\/48979\/revisions"}],"predecessor-version":[{"id":48981,"href":"https:\/\/tvbrazilusa.com\/pt\/wp-json\/wp\/v2\/posts\/48979\/revisions\/48981"}],"wp:featuredmedia":[{"embeddable":true,"href":"https:\/\/tvbrazilusa.com\/pt\/wp-json\/wp\/v2\/media\/48980"}],"wp:attachment":[{"href":"https:\/\/tvbrazilusa.com\/pt\/wp-json\/wp\/v2\/media?parent=48979"}],"wp:term":[{"taxonomy":"category","embeddable":true,"href":"https:\/\/tvbrazilusa.com\/pt\/wp-json\/wp\/v2\/categories?post=48979"},{"taxonomy":"post_tag","embeddable":true,"href":"https:\/\/tvbrazilusa.com\/pt\/wp-json\/wp\/v2\/tags?post=48979"}],"curies":[{"name":"wp","href":"https:\/\/api.w.org\/{rel}","templated":true}]}}