{"id":49033,"date":"2024-10-17T10:53:24","date_gmt":"2024-10-17T10:53:24","guid":{"rendered":"https:\/\/tvbrazilusa.com\/2024\/10\/17\/primo-de-socio-da-clinica-ligada-ao-caso-hiv-esteve-entre-os-cotados-para-suceder-lira\/"},"modified":"2024-10-17T10:53:26","modified_gmt":"2024-10-17T10:53:26","slug":"primo-de-socio-da-clinica-ligada-ao-caso-hiv-esteve-entre-os-cotados-para-suceder-lira","status":"publish","type":"post","link":"https:\/\/tvbrazilusa.com\/pt\/2024\/10\/17\/primo-de-socio-da-clinica-ligada-ao-caso-hiv-esteve-entre-os-cotados-para-suceder-lira\/","title":{"rendered":"Primo de s\u00f3cio da cl\u00ednica ligada ao caso HIV esteve entre os cotados para suceder Lira"},"content":{"rendered":"<p> <script async src=\"https:\/\/pagead2.googlesyndication.com\/pagead\/js\/adsbygoogle.js?client=ca-pub-8864793242727901\"\r\n     crossorigin=\"anonymous\"><\/script><br \/>\n<\/p>\n<div id=\"taboola-read-more\" style=\"display:block; width:100%\">\n<p>Durante o primeiro semestre, o deputado federal Dr. Luizinho (PP-RJ) foi mencionado como um dos poss\u00edveis sucessores de Arthur Lira (PP-AL) para a presid\u00eancia da C\u00e2mara dos Deputados.\n<\/p>\n<p>O nome do parlamentar surgiu como uma op\u00e7\u00e3o de consenso para a presid\u00eancia da C\u00e2mara devido \u00e0 sua boa rela\u00e7\u00e3o com os colegas do Congresso.<\/p>\n<p>Embora n\u00e3o fosse um dos principais nomes na disputa, ele foi visto como uma alternativa capaz de unir diferentes for\u00e7as pol\u00edticas.\n<\/p>\n<p>No entanto, a indica\u00e7\u00e3o de Marcos Pereira, presidente do Republicanos, pelo correligion\u00e1rio Hugo Motta (PB) mudou o cen\u00e1rio.\n<\/p>\n<p>Al\u00e9m de Motta, Elmar Nascimento (Uni\u00e3o Brasil-BA) e Antonio Brito (PSD-BA) tamb\u00e9m est\u00e3o na disputa.\n<\/p>\n<p><strong>PRIMO DE INVESTIGADO<\/strong><br \/>Dr. Luizinho \u00e9 primo de Matheus Sales Teixeira Bandoli Vieira, um dos s\u00f3cios do Laborat\u00f3rio PCS Saleme, que est\u00e1 sob investiga\u00e7\u00e3o por suspeita de contamina\u00e7\u00e3o por HIV de seis pacientes transplantados, e outro s\u00f3cio, Walter Vieira, \u00e9 casado com a tia do deputado.\n<\/p>\n<p>Al\u00e9m disso, a irm\u00e3 do deputado, D\u00e9bora L\u00facia Teixeira Medina de Figueiredo, trabalha na Funda\u00e7\u00e3o Sa\u00fade, entidade que supervisiona as unidades da rede estadual e esteve envolvida na escolha do laborat\u00f3rio.\n<\/p>\n<p>A contrata\u00e7\u00e3o do laborat\u00f3rio pelo Governo do Rio de Janeiro aconteceu enquanto Dr. Luizinho era secret\u00e1rio de Sa\u00fade.\n<\/p>\n<p>Ao comentar o assunto para a coluna de Let\u00edcia Casado, do UOL, o deputado afirmou que \u201co caso \u00e9 inadmiss\u00edvel\u201d e disse esperar que os respons\u00e1veis sejam punidos. Ele destacou que n\u00e3o tem planos pol\u00edticos para futuras candidaturas e que sua prioridade \u00e9 n\u00e3o ter seu nome vinculado ao caso.\n<\/p>\n<p>Fonte: Pleno News <\/p>\n<\/div>\n<p><br \/>\n<br \/><a href=\"https:\/\/diariodobrasilnoticias.com.br\/noticia\/primo-de-socio-da-clinica-ligada-ao-caso-hiv-esteve-entre-os-cotados-para-suceder-lira-6710e2bf5317c\">Source link <\/a><\/p>","protected":false},"excerpt":{"rendered":"<p>Durante o primeiro semestre, o deputado federal Dr. Luizinho (PP-RJ) foi mencionado como um dos poss\u00edveis sucessores de Arthur Lira (PP-AL) para a presid\u00eancia da C\u00e2mara dos Deputados. O nome&hellip;<\/p>","protected":false},"author":1,"featured_media":49034,"comment_status":"closed","ping_status":"open","sticky":false,"template":"","format":"standard","meta":{"content-type":"","footnotes":""},"categories":[16],"tags":[123,2448,5313,1267],"class_list":["post-49033","post","type-post","status-publish","format-standard","has-post-thumbnail","hentry","category-noticias","tag-brasil","tag-diario","tag-noticia","tag-noticias"],"_links":{"self":[{"href":"https:\/\/tvbrazilusa.com\/pt\/wp-json\/wp\/v2\/posts\/49033","targetHints":{"allow":["GET"]}}],"collection":[{"href":"https:\/\/tvbrazilusa.com\/pt\/wp-json\/wp\/v2\/posts"}],"about":[{"href":"https:\/\/tvbrazilusa.com\/pt\/wp-json\/wp\/v2\/types\/post"}],"author":[{"embeddable":true,"href":"https:\/\/tvbrazilusa.com\/pt\/wp-json\/wp\/v2\/users\/1"}],"replies":[{"embeddable":true,"href":"https:\/\/tvbrazilusa.com\/pt\/wp-json\/wp\/v2\/comments?post=49033"}],"version-history":[{"count":1,"href":"https:\/\/tvbrazilusa.com\/pt\/wp-json\/wp\/v2\/posts\/49033\/revisions"}],"predecessor-version":[{"id":49035,"href":"https:\/\/tvbrazilusa.com\/pt\/wp-json\/wp\/v2\/posts\/49033\/revisions\/49035"}],"wp:featuredmedia":[{"embeddable":true,"href":"https:\/\/tvbrazilusa.com\/pt\/wp-json\/wp\/v2\/media\/49034"}],"wp:attachment":[{"href":"https:\/\/tvbrazilusa.com\/pt\/wp-json\/wp\/v2\/media?parent=49033"}],"wp:term":[{"taxonomy":"category","embeddable":true,"href":"https:\/\/tvbrazilusa.com\/pt\/wp-json\/wp\/v2\/categories?post=49033"},{"taxonomy":"post_tag","embeddable":true,"href":"https:\/\/tvbrazilusa.com\/pt\/wp-json\/wp\/v2\/tags?post=49033"}],"curies":[{"name":"wp","href":"https:\/\/api.w.org\/{rel}","templated":true}]}}