{"id":49042,"date":"2024-10-17T11:20:46","date_gmt":"2024-10-17T11:20:46","guid":{"rendered":"https:\/\/tvbrazilusa.com\/2024\/10\/17\/fuga-de-venezuelanos-pela-selva-mais-perigosa-do-mundo-volta-a-intensificar-se-apos-a-fraude-eleitoral\/"},"modified":"2024-10-17T11:20:46","modified_gmt":"2024-10-17T11:20:46","slug":"fuga-de-venezuelanos-pela-selva-mais-perigosa-do-mundo-volta-a-intensificar-se-apos-a-fraude-eleitoral","status":"publish","type":"post","link":"https:\/\/tvbrazilusa.com\/pt\/2024\/10\/17\/fuga-de-venezuelanos-pela-selva-mais-perigosa-do-mundo-volta-a-intensificar-se-apos-a-fraude-eleitoral\/","title":{"rendered":"Fuga de venezuelanos pela selva mais perigosa do mundo volta a intensificar-se ap\u00f3s a fraude eleitoral"},"content":{"rendered":"<p> <script async src=\"https:\/\/pagead2.googlesyndication.com\/pagead\/js\/adsbygoogle.js?client=ca-pub-8864793242727901\"\r\n     crossorigin=\"anonymous\"><\/script><br \/>\n<\/p>\n<div id=\"taboola-read-more\" style=\"display:block; width:100%\">\n<p>Um dos focos da atual crise migrat\u00f3ria nas Am\u00e9ricas, a Selva de Dari\u00e9n, localizada entre a Col\u00f4mbia e o Panam\u00e1, voltou a ser motivo de preocupa\u00e7\u00e3o internacional ap\u00f3s alguns meses de queda no n\u00famero de migrantes sul-americanos e de outros continentes que atravessam a regi\u00e3o para seguir em dire\u00e7\u00e3o aos Estados Unidos.\n<\/p>\n<p>Dados do Minist\u00e9rio da Seguran\u00e7a do Panam\u00e1, divulgados pela ag\u00eancia Associated Press, apontaram que entre janeiro e 7 de outubro 277.939 migrantes passaram por Dari\u00e9n, uma queda de 36% em compara\u00e7\u00e3o com o mesmo per\u00edodo em 2023.<\/p>\n<p>Entretanto, em setembro, 25.111 migrantes atravessaram a selva (mais de 80% deles venezuelanos), um aumento de 51% em rela\u00e7\u00e3o a agosto.\n<\/p>\n<p>Dari\u00e9n \u00e9 considerada a selva mais perigosa do mundo porque, al\u00e9m dos riscos naturais da regi\u00e3o, o chamado Dari\u00e9n Gap (regi\u00e3o da selva em que a Rodovia Pan-Americana \u00e9 interrompida) \u00e9 controlado pelo crime organizado, que fatura centenas de milh\u00f5es de d\u00f3lares por meio de cobran\u00e7as pela travessia e extors\u00f5es.\n<\/p>\n<p>Al\u00e9m disso, grupos armados costumam assaltar migrantes que passam por Dari\u00e9n a caminho dos Estados Unidos, e assassinatos, sequestros e estupros s\u00e3o frequentes.\n<\/p>\n<p>Em 2023, foi registrado um n\u00famero recorde de migrantes atravessando a selva, 520.085 pessoas, sendo que mais da metade (328.650 pessoas) foram venezuelanos tentando fugir da crise econ\u00f4mica, social e humanit\u00e1ria gerada pelo chavismo.\n<\/p>\n<p>Um relat\u00f3rio da ONG Refugees International apontou que o momento pol\u00edtico da Venezuela est\u00e1 puxando a nova onda migrat\u00f3ria na selva.\n<\/p>\n<p>\u201cApesar de uma breve redu\u00e7\u00e3o neste ver\u00e3o [no hemisf\u00e9rio norte], provavelmente devido \u00e0 postura anti-imigra\u00e7\u00e3o do novo governo panamenho e \u00e0s elei\u00e7\u00f5es na Venezuela, os n\u00fameros em Dari\u00e9n est\u00e3o aumentando novamente\u201d, destacou a organiza\u00e7\u00e3o.\n<\/p>\n<p>\u201cA repress\u00e3o ap\u00f3s a elei\u00e7\u00e3o de 28 de julho de 2024 na Venezuela j\u00e1 levou a um aumento na emigra\u00e7\u00e3o, o que \u00e9 not\u00e1vel, pois os venezuelanos atualmente [j\u00e1] constituem a maioria dos que transitam por Dari\u00e9n\u201d, afirmou a Refugees International.\n<\/p>\n<p>A repress\u00e3o ap\u00f3s a fraude eleitoral na Venezuela, que deu ao ditador Nicol\u00e1s Maduro uma \u201cvit\u00f3ria\u201d que apenas ditaduras parceiras reconheceram, deixou ao menos 27 mortos e resultou na pris\u00e3o de aproximadamente 1,8 mil pessoas.\n<\/p>\n<p>O novo presidente do Panam\u00e1, Jos\u00e9 Ra\u00fal Mulino, que tomou posse em 1\u00ba de julho, foi eleito com a promessa de \u201cfechar\u201d Dari\u00e9n.\n<\/p>\n<p>Logo no in\u00edcio do seu mandato, Mulino assinou um acordo com os Estados Unidos, para Washington financiar um programa de voos para repatriar migrantes que entram ilegalmente no Panam\u00e1, o que j\u00e1 resultou na deporta\u00e7\u00e3o de quase 500 pessoas para Col\u00f4mbia, Equador e \u00cdndia.\n<\/p>\n<p>A Venezuela n\u00e3o entrou no programa porque Mulino suspendeu rela\u00e7\u00f5es diplom\u00e1ticas com Caracas devido \u00e0 fraude eleitoral no pa\u00eds vizinho.\n<\/p>\n<p>A nova gest\u00e3o panamenha tamb\u00e9m conversou com o governo da Col\u00f4mbia sobre refor\u00e7ar a seguran\u00e7a na fronteira entre os dois pa\u00edses, mas ap\u00f3s Mulino fechar cinco rotas de migra\u00e7\u00e3o no Dari\u00e9n Gap e aumentar o patrulhamento na costa caribenha, o presidente colombiano, Gustavo Petro, afirmou que esta medida poderia aumentar os casos de afogamentos no mar.\n<\/p>\n<p>A Refugees International afirmou, entretanto, que o chavismo gera uma press\u00e3o migrat\u00f3ria t\u00e3o grande que por ora n\u00e3o h\u00e1 perspectiva de frear esse movimento de forma sustentada.\n<\/p>\n<p>\u201cMedidas de fiscaliza\u00e7\u00e3o e a ret\u00f3rica do governo do Panam\u00e1 podem ter temporariamente freado a migra\u00e7\u00e3o para o Panam\u00e1, mas n\u00e3o a longo prazo\u201d, destacou.\n<\/p>\n<p>Fonte: Gazeta do Povo <\/p>\n<\/div>\n<p><br \/>\n<br \/><a href=\"https:\/\/diariodobrasilnoticias.com.br\/noticia\/fuga-de-venezuelanos-pela-selva-mais-perigosa-do-mundo-volta-a-intensificar-se-apos-a-fraude-eleitoral-67108868586db\">Source link <\/a><\/p>","protected":false},"excerpt":{"rendered":"<p>Um dos focos da atual crise migrat\u00f3ria nas Am\u00e9ricas, a Selva de Dari\u00e9n, localizada entre a Col\u00f4mbia e o Panam\u00e1, voltou a ser motivo de preocupa\u00e7\u00e3o internacional ap\u00f3s alguns meses&hellip;<\/p>","protected":false},"author":1,"featured_media":49043,"comment_status":"closed","ping_status":"open","sticky":false,"template":"","format":"standard","meta":{"content-type":"","footnotes":""},"categories":[16],"tags":[123,2448,5313,1267],"class_list":["post-49042","post","type-post","status-publish","format-standard","has-post-thumbnail","hentry","category-noticias","tag-brasil","tag-diario","tag-noticia","tag-noticias"],"_links":{"self":[{"href":"https:\/\/tvbrazilusa.com\/pt\/wp-json\/wp\/v2\/posts\/49042","targetHints":{"allow":["GET"]}}],"collection":[{"href":"https:\/\/tvbrazilusa.com\/pt\/wp-json\/wp\/v2\/posts"}],"about":[{"href":"https:\/\/tvbrazilusa.com\/pt\/wp-json\/wp\/v2\/types\/post"}],"author":[{"embeddable":true,"href":"https:\/\/tvbrazilusa.com\/pt\/wp-json\/wp\/v2\/users\/1"}],"replies":[{"embeddable":true,"href":"https:\/\/tvbrazilusa.com\/pt\/wp-json\/wp\/v2\/comments?post=49042"}],"version-history":[{"count":1,"href":"https:\/\/tvbrazilusa.com\/pt\/wp-json\/wp\/v2\/posts\/49042\/revisions"}],"predecessor-version":[{"id":49044,"href":"https:\/\/tvbrazilusa.com\/pt\/wp-json\/wp\/v2\/posts\/49042\/revisions\/49044"}],"wp:featuredmedia":[{"embeddable":true,"href":"https:\/\/tvbrazilusa.com\/pt\/wp-json\/wp\/v2\/media\/49043"}],"wp:attachment":[{"href":"https:\/\/tvbrazilusa.com\/pt\/wp-json\/wp\/v2\/media?parent=49042"}],"wp:term":[{"taxonomy":"category","embeddable":true,"href":"https:\/\/tvbrazilusa.com\/pt\/wp-json\/wp\/v2\/categories?post=49042"},{"taxonomy":"post_tag","embeddable":true,"href":"https:\/\/tvbrazilusa.com\/pt\/wp-json\/wp\/v2\/tags?post=49042"}],"curies":[{"name":"wp","href":"https:\/\/api.w.org\/{rel}","templated":true}]}}