{"id":49054,"date":"2024-10-17T12:04:50","date_gmt":"2024-10-17T12:04:50","guid":{"rendered":"https:\/\/tvbrazilusa.com\/2024\/10\/17\/em-natal-rn-janja-afirma-que-as-mulheres-tem-a-obrigacao-de-eleger-uma-candidata-do-pt\/"},"modified":"2024-10-17T12:04:51","modified_gmt":"2024-10-17T12:04:51","slug":"em-natal-rn-janja-afirma-que-as-mulheres-tem-a-obrigacao-de-eleger-uma-candidata-do-pt","status":"publish","type":"post","link":"https:\/\/tvbrazilusa.com\/pt\/2024\/10\/17\/em-natal-rn-janja-afirma-que-as-mulheres-tem-a-obrigacao-de-eleger-uma-candidata-do-pt\/","title":{"rendered":"Em Natal (RN), Janja afirma que as mulheres &#8216;t\u00eam a obriga\u00e7\u00e3o&#8217; de eleger uma candidata do PT."},"content":{"rendered":"<p> <script async src=\"https:\/\/pagead2.googlesyndication.com\/pagead\/js\/adsbygoogle.js?client=ca-pub-8864793242727901\"\r\n     crossorigin=\"anonymous\"><\/script><br \/>\n<\/p>\n<div id=\"taboola-read-more\" style=\"display:block; width:100%\">\n<p>Depois de ter se mantido afastada durante o primeiro turno das elei\u00e7\u00f5es do pa\u00eds, a primeira-dama Janja passou a se envolver nas campanhas. Dessa vez, discursou ao lado do presidente Lula, no com\u00edcio da candidata do Partido dos Trabalhadores (PT) \u00e0 Prefeitura de Natal, Nat\u00e1lia Bonavides.\n<\/p>\n<p>O evento, realizado na noite desta quarta-feira, 16, na Avenida Paulistana na capital do Rio Grande do Norte, Janja discursou. Declarou que as mulheres \u201ct\u00eam uma obriga\u00e7\u00e3o de eleger\u201d Nat\u00e1lia prefeita.<\/p>\n<p>\u201c\u00c9 a Nat\u00e1lia quem vai cuidar da popula\u00e7\u00e3o de Natal como o presidente Lula est\u00e1 cuidando de todo o Brasil\u201d, afirmou. \u201cNosso papel \u00e9 ir l\u00e1 na urna votar por algu\u00e9m que vai olhar por todas n\u00f3s.\u201d\n<\/p>\n<p>Lula tamb\u00e9m discursou no com\u00edcio, afirmou que a \u201celei\u00e7\u00e3o da Nat\u00e1lia \u00e9 a volta por cima que vamos dar\u201d e chegou a pedir \u201cde presente\u201d de anivers\u00e1rio a vit\u00f3ria da candidata como prefeita de Natal.\n<\/p>\n<p>\u201cNat\u00e1lia \u00e9 refer\u00eancia para que meninas e jovens pudessem entrar na pol\u00edtica. A mulher brasileira n\u00e3o pode ser tratada como cidad\u00e3 de segunda classe, como sexo fr\u00e1gil, como objeto, como segundo plano\u201d, declarou.\n<\/p>\n<p>O petista afirmou que as mulheres querem ser \u201csujeito da hist\u00f3ria e fazer hist\u00f3ria\u201d. \u201cA mulher j\u00e1 conquistou o mercado de trabalho faz tempo, mas n\u00f3s (homens) ainda temos que tomar nosso espa\u00e7o na cozinha para ajudar nossa mulher.\u201d\n<\/p>\n<p>Fonte: Revista Oeste <\/p>\n<\/div>\n<p><br \/>\n<br \/><a href=\"https:\/\/diariodobrasilnoticias.com.br\/noticia\/em-natal-rn-janja-afirma-que-as-mulheres-tem-a-obrigacao-de-eleger-uma-candidata-do-pt-67108a434b74b\">Source link <\/a><\/p>","protected":false},"excerpt":{"rendered":"<p>Depois de ter se mantido afastada durante o primeiro turno das elei\u00e7\u00f5es do pa\u00eds, a primeira-dama Janja passou a se envolver nas campanhas. Dessa vez, discursou ao lado do presidente&hellip;<\/p>","protected":false},"author":1,"featured_media":49055,"comment_status":"closed","ping_status":"open","sticky":false,"template":"","format":"standard","meta":{"content-type":"","footnotes":""},"categories":[16],"tags":[123,2448,5313,1267],"class_list":["post-49054","post","type-post","status-publish","format-standard","has-post-thumbnail","hentry","category-noticias","tag-brasil","tag-diario","tag-noticia","tag-noticias"],"_links":{"self":[{"href":"https:\/\/tvbrazilusa.com\/pt\/wp-json\/wp\/v2\/posts\/49054","targetHints":{"allow":["GET"]}}],"collection":[{"href":"https:\/\/tvbrazilusa.com\/pt\/wp-json\/wp\/v2\/posts"}],"about":[{"href":"https:\/\/tvbrazilusa.com\/pt\/wp-json\/wp\/v2\/types\/post"}],"author":[{"embeddable":true,"href":"https:\/\/tvbrazilusa.com\/pt\/wp-json\/wp\/v2\/users\/1"}],"replies":[{"embeddable":true,"href":"https:\/\/tvbrazilusa.com\/pt\/wp-json\/wp\/v2\/comments?post=49054"}],"version-history":[{"count":1,"href":"https:\/\/tvbrazilusa.com\/pt\/wp-json\/wp\/v2\/posts\/49054\/revisions"}],"predecessor-version":[{"id":49056,"href":"https:\/\/tvbrazilusa.com\/pt\/wp-json\/wp\/v2\/posts\/49054\/revisions\/49056"}],"wp:featuredmedia":[{"embeddable":true,"href":"https:\/\/tvbrazilusa.com\/pt\/wp-json\/wp\/v2\/media\/49055"}],"wp:attachment":[{"href":"https:\/\/tvbrazilusa.com\/pt\/wp-json\/wp\/v2\/media?parent=49054"}],"wp:term":[{"taxonomy":"category","embeddable":true,"href":"https:\/\/tvbrazilusa.com\/pt\/wp-json\/wp\/v2\/categories?post=49054"},{"taxonomy":"post_tag","embeddable":true,"href":"https:\/\/tvbrazilusa.com\/pt\/wp-json\/wp\/v2\/tags?post=49054"}],"curies":[{"name":"wp","href":"https:\/\/api.w.org\/{rel}","templated":true}]}}