{"id":49057,"date":"2024-10-17T12:17:15","date_gmt":"2024-10-17T12:17:15","guid":{"rendered":"https:\/\/tvbrazilusa.com\/2024\/10\/17\/saiba-o-que-boulos-fara-apos-pt-reconhecer-eleicao-de-nicolas-maduro\/"},"modified":"2024-10-17T12:17:17","modified_gmt":"2024-10-17T12:17:17","slug":"saiba-o-que-boulos-fara-apos-pt-reconhecer-eleicao-de-nicolas-maduro","status":"publish","type":"post","link":"https:\/\/tvbrazilusa.com\/pt\/2024\/10\/17\/saiba-o-que-boulos-fara-apos-pt-reconhecer-eleicao-de-nicolas-maduro\/","title":{"rendered":"Saiba o que Boulos far\u00e1 ap\u00f3s PT reconhecer elei\u00e7\u00e3o de Nicol\u00e1s Maduro"},"content":{"rendered":"<p> <script async src=\"https:\/\/pagead2.googlesyndication.com\/pagead\/js\/adsbygoogle.js?client=ca-pub-8864793242727901\"\r\n     crossorigin=\"anonymous\"><\/script><br \/>\n<\/p>\n<div>\n<figure class=\"post-image\">\n<\/figure>\n<p><span style=\"font-size: 12px\">Jesus Vargas\/Getty Images<\/span><\/p>\n<div id=\"taboola-read-more\" style=\"display:block; width:100%\">\n<p>A campanha de Guilherme Boulos (PSol) \u00e0 Prefeitura de S\u00e3o Paulo n\u00e3o est\u00e1 preocupada com uma repercuss\u00e3o negativa causada pela assinatura do PT a um documento que reconhece a reelei\u00e7\u00e3o de Nicol\u00e1s Maduro na Venezuela.\n<\/p>\n<p>Interlocutores do psolista acreditam que a Venezuela n\u00e3o \u00e9 um dos temas da campanha municipal. E que a posi\u00e7\u00e3o do partido aliado de Boulos n\u00e3o ser\u00e1 motivo de preocupa\u00e7\u00e3o na reta final das elei\u00e7\u00f5es na capital paulista.<\/p>\n<p>O PT, maior partido da coliga\u00e7\u00e3o de Boulos em S\u00e3o Paulo, assinou um documento do Foro de S\u00e3o Paulo reconhecendo Maduro como vencedor das elei\u00e7\u00f5es venezuelanas. O governo Lula n\u00e3o reconheceu o resultado.\n<\/p>\n<p>A elei\u00e7\u00e3o na Venezuela aconteceu em julho de 2024. Maduro foi declarado vencedor pela justi\u00e7a eleitoral da Venezuela, controlada por seus aliados, sem apresentar as atas eleitorais.\n<\/p>\n<p>A principal cobran\u00e7a por parte da oposi\u00e7\u00e3o e da comunidade internacional \u00e9 a divulga\u00e7\u00e3o das atas eleitorais que poderiam atestar ou n\u00e3o a vit\u00f3ria do herdeiro pol\u00edtico de Hugo Ch\u00e1vez. Autoridades venezuelanas, no entanto, ainda n\u00e3o tornaram os dados p\u00fablicos.\n<\/p>\n<p>Enquanto isso, a oposi\u00e7\u00e3o segue afirmando ter vencido o pleito e conta com o apoio de parte da comunidade internacional. Apesar de exilado na Espanha, o ex-diplomata Edmundo Gonz\u00e1lez, que disputou as elei\u00e7\u00f5es, disse que pretende assumir a cadeira presidencial em janeiro de 2025.\n<\/p>\n<p>Fonte: Metr\u00f3poles <\/p>\n<\/div>\n<div class=\"row mt-3\">\n<div class=\"col-sm-6\">\n<p><a href=\"https:\/\/chat.whatsapp.com\/J6hwSKYns5B0XFowx2wZ0P\" target=\"_blank\" rel=\"noopener\"><br \/>\n<img decoding=\"async\" src=\"https:\/\/diariodobrasilnoticias.com.br\/assets-site\/images\/bot_whatsapp.png\"\/><\/a>\n<\/div>\n<div class=\"col-sm-6\">\n<a href=\"https:\/\/t.me\/+_4gTmi5LKo03OTM5\" target=\"_blank\" rel=\"noopener\"><br \/>\n<img decoding=\"async\" src=\"https:\/\/diariodobrasilnoticias.com.br\/assets-site\/images\/bot_telegram.png\"\/><\/a>\n<\/div>\n<\/div>\n<\/div>\n<p><br \/>\n<br \/><a href=\"https:\/\/diariodobrasilnoticias.com.br\/noticia\/saiba-o-que-boulos-fara-apos-pt-reconhecer-eleicao-de-nicolas-maduro-67108af1dcebc\">Source link <\/a><\/p>","protected":false},"excerpt":{"rendered":"<p>Jesus Vargas\/Getty Images A campanha de Guilherme Boulos (PSol) \u00e0 Prefeitura de S\u00e3o Paulo n\u00e3o est\u00e1 preocupada com uma repercuss\u00e3o negativa causada pela assinatura do PT a um documento que&hellip;<\/p>","protected":false},"author":1,"featured_media":49058,"comment_status":"closed","ping_status":"open","sticky":false,"template":"","format":"standard","meta":{"content-type":"","footnotes":""},"categories":[16],"tags":[123,2448,5313,1267],"class_list":["post-49057","post","type-post","status-publish","format-standard","has-post-thumbnail","hentry","category-noticias","tag-brasil","tag-diario","tag-noticia","tag-noticias"],"_links":{"self":[{"href":"https:\/\/tvbrazilusa.com\/pt\/wp-json\/wp\/v2\/posts\/49057","targetHints":{"allow":["GET"]}}],"collection":[{"href":"https:\/\/tvbrazilusa.com\/pt\/wp-json\/wp\/v2\/posts"}],"about":[{"href":"https:\/\/tvbrazilusa.com\/pt\/wp-json\/wp\/v2\/types\/post"}],"author":[{"embeddable":true,"href":"https:\/\/tvbrazilusa.com\/pt\/wp-json\/wp\/v2\/users\/1"}],"replies":[{"embeddable":true,"href":"https:\/\/tvbrazilusa.com\/pt\/wp-json\/wp\/v2\/comments?post=49057"}],"version-history":[{"count":1,"href":"https:\/\/tvbrazilusa.com\/pt\/wp-json\/wp\/v2\/posts\/49057\/revisions"}],"predecessor-version":[{"id":49059,"href":"https:\/\/tvbrazilusa.com\/pt\/wp-json\/wp\/v2\/posts\/49057\/revisions\/49059"}],"wp:featuredmedia":[{"embeddable":true,"href":"https:\/\/tvbrazilusa.com\/pt\/wp-json\/wp\/v2\/media\/49058"}],"wp:attachment":[{"href":"https:\/\/tvbrazilusa.com\/pt\/wp-json\/wp\/v2\/media?parent=49057"}],"wp:term":[{"taxonomy":"category","embeddable":true,"href":"https:\/\/tvbrazilusa.com\/pt\/wp-json\/wp\/v2\/categories?post=49057"},{"taxonomy":"post_tag","embeddable":true,"href":"https:\/\/tvbrazilusa.com\/pt\/wp-json\/wp\/v2\/tags?post=49057"}],"curies":[{"name":"wp","href":"https:\/\/api.w.org\/{rel}","templated":true}]}}