{"id":49069,"date":"2024-10-17T13:06:36","date_gmt":"2024-10-17T13:06:36","guid":{"rendered":"https:\/\/tvbrazilusa.com\/2024\/10\/17\/kamala-harris-admite-que-o-sistema-de-imigracao-dos-eua-esta-quebrado-e-deixa-populacao-americana-receosa-veja-video\/"},"modified":"2024-10-17T13:06:37","modified_gmt":"2024-10-17T13:06:37","slug":"kamala-harris-admite-que-o-sistema-de-imigracao-dos-eua-esta-quebrado-e-deixa-populacao-americana-receosa-veja-video","status":"publish","type":"post","link":"https:\/\/tvbrazilusa.com\/pt\/2024\/10\/17\/kamala-harris-admite-que-o-sistema-de-imigracao-dos-eua-esta-quebrado-e-deixa-populacao-americana-receosa-veja-video\/","title":{"rendered":"Kamala Harris admite que o sistema de imigra\u00e7\u00e3o dos EUA est\u00e1 quebrado e deixa popula\u00e7\u00e3o americana receosa; VEJA V\u00cdDEO"},"content":{"rendered":"<p> <script async src=\"https:\/\/pagead2.googlesyndication.com\/pagead\/js\/adsbygoogle.js?client=ca-pub-8864793242727901\"\r\n     crossorigin=\"anonymous\"><\/script><br \/>\n<br \/>Kamala Harris admite que o sistema de imigra\u00e7\u00e3o dos EUA est\u00e1 quebrado e deixa popula\u00e7\u00e3o americana receosa; VEJA V\u00cdDEO<br \/>\n<br \/><br \/>\n<br \/><a href=\"https:\/\/diariodobrasilnoticias.com.br\/noticia\/kamala-harris-admite-que-o-sistema-de-imigracao-dos-eua-esta-quebrado-e-deixa-populacao-americana-receosa-veja-video-6710ee84955a9\">Source link <\/a><\/p>","protected":false},"excerpt":{"rendered":"<p>Kamala Harris admite que o sistema de imigra\u00e7\u00e3o dos EUA est\u00e1 quebrado e deixa popula\u00e7\u00e3o americana receosa; VEJA V\u00cdDEO Source link<\/p>","protected":false},"author":1,"featured_media":49070,"comment_status":"closed","ping_status":"open","sticky":false,"template":"","format":"standard","meta":{"content-type":"","footnotes":""},"categories":[16],"tags":[123,2448,5313,1267],"class_list":["post-49069","post","type-post","status-publish","format-standard","has-post-thumbnail","hentry","category-noticias","tag-brasil","tag-diario","tag-noticia","tag-noticias"],"_links":{"self":[{"href":"https:\/\/tvbrazilusa.com\/pt\/wp-json\/wp\/v2\/posts\/49069","targetHints":{"allow":["GET"]}}],"collection":[{"href":"https:\/\/tvbrazilusa.com\/pt\/wp-json\/wp\/v2\/posts"}],"about":[{"href":"https:\/\/tvbrazilusa.com\/pt\/wp-json\/wp\/v2\/types\/post"}],"author":[{"embeddable":true,"href":"https:\/\/tvbrazilusa.com\/pt\/wp-json\/wp\/v2\/users\/1"}],"replies":[{"embeddable":true,"href":"https:\/\/tvbrazilusa.com\/pt\/wp-json\/wp\/v2\/comments?post=49069"}],"version-history":[{"count":1,"href":"https:\/\/tvbrazilusa.com\/pt\/wp-json\/wp\/v2\/posts\/49069\/revisions"}],"predecessor-version":[{"id":49071,"href":"https:\/\/tvbrazilusa.com\/pt\/wp-json\/wp\/v2\/posts\/49069\/revisions\/49071"}],"wp:featuredmedia":[{"embeddable":true,"href":"https:\/\/tvbrazilusa.com\/pt\/wp-json\/wp\/v2\/media\/49070"}],"wp:attachment":[{"href":"https:\/\/tvbrazilusa.com\/pt\/wp-json\/wp\/v2\/media?parent=49069"}],"wp:term":[{"taxonomy":"category","embeddable":true,"href":"https:\/\/tvbrazilusa.com\/pt\/wp-json\/wp\/v2\/categories?post=49069"},{"taxonomy":"post_tag","embeddable":true,"href":"https:\/\/tvbrazilusa.com\/pt\/wp-json\/wp\/v2\/tags?post=49069"}],"curies":[{"name":"wp","href":"https:\/\/api.w.org\/{rel}","templated":true}]}}