{"id":49087,"date":"2024-10-17T14:05:23","date_gmt":"2024-10-17T14:05:23","guid":{"rendered":"https:\/\/tvbrazilusa.com\/2024\/10\/17\/kamala-harris-na-foxnews-um-desastre-completo\/"},"modified":"2024-10-17T14:05:24","modified_gmt":"2024-10-17T14:05:24","slug":"kamala-harris-na-foxnews-um-desastre-completo","status":"publish","type":"post","link":"https:\/\/tvbrazilusa.com\/pt\/2024\/10\/17\/kamala-harris-na-foxnews-um-desastre-completo\/","title":{"rendered":"Kamala Harris na FoxNews: &#8216;um desastre completo&#8217;"},"content":{"rendered":"<p> <script async src=\"https:\/\/pagead2.googlesyndication.com\/pagead\/js\/adsbygoogle.js?client=ca-pub-8864793242727901\"\r\n     crossorigin=\"anonymous\"><\/script><br \/>\n<\/p>\n<div id=\"taboola-read-more\" style=\"display:block; width:100%\">\n<p>A vice-presidente dos Estados Unidos, Kamala Harris, participou de uma entrevista conflituosa na Fox News nesta quarta, 16, enfrentando uma s\u00e9rie de perguntas sobre sua gest\u00e3o e as promessas de campanha.\n<\/p>\n<p>O apresentador Bret Baier pressionou a candidata democrata desde o in\u00edcio, resultando em uma conversa tensa, com Kamala frequentemente desviando das quest\u00f5es e voltando suas cr\u00edticas para o ex-presidente Donald Trump.<\/p>\n<p>Baier iniciou o embate questionando a vice-presidente sobre a insatisfa\u00e7\u00e3o de 79% dos americanos, que acreditam que o pa\u00eds est\u00e1 no caminho errado. \u201cSe o pa\u00eds est\u00e1 indo mal, e voc\u00ea faz parte do governo h\u00e1 tr\u00eas anos e meio, por que os eleitores deveriam acreditar em uma mudan\u00e7a agora?\u201d, perguntou Baier.\n<\/p>\n<p>Em resposta, Kamala Harris criticou a \u201cret\u00f3rica divisiva\u201d de Trump e culpou o ex-presidente por criar um ambiente de beliger\u00e2ncia no pa\u00eds. \u201cTrump desmoraliza, diminui e quer usar o poder militar contra os americanos\u201d, afirmou a candidata, sem explicar claramente como pretende corrigir os erros da atual administra\u00e7\u00e3o.\n<\/p>\n<p>Ben Shapiro, editor do Daily Wire, n\u00e3o poupou cr\u00edticas ao desempenho da vice-presidente. Ele classificou a entrevista como \u201cum desastre completo\u201c. Segundo Shapiro, Kamala evitou todas as perguntas dif\u00edceis e demonstrou frustra\u00e7\u00e3o ao ser pressionada por Baier.\n<\/p>\n<p>\u201cEla parecia furiosa por ser questionada seriamente. A \u00fanica coisa que fez foi atacar Trump\u201d, comentou o comentarista, acrescentando que a candidata n\u00e3o apresentou propostas claras para o futuro do pa\u00eds, se limitando a criticar o passado.\n<\/p>\n<p>Outros pontos pol\u00eamicos tamb\u00e9m marcaram a entrevista. Questionada sobre sua posi\u00e7\u00e3o anterior, de 2019, a favor de cirurgias de mudan\u00e7a de sexo financiadas por impostos para detentos federais, a vice-presidente se esquivou, afirmando apenas que \u201cseguiria a lei\u201d, sem maiores explica\u00e7\u00f5es.\n<\/p>\n<p>Quando Baier insistiu em saber como sua gest\u00e3o seria diferente da administra\u00e7\u00e3o Biden, Kamala Harris declarou que sua presid\u00eancia \u201cn\u00e3o seria uma continua\u00e7\u00e3o\u201d do governo atual, mas n\u00e3o ofereceu detalhes concretos que sustentassem essa afirma\u00e7\u00e3o.\n<\/p>\n<p>A discuss\u00e3o sobre imigra\u00e7\u00e3o tamb\u00e9m foi destaque. A candidata democrata admitiu que o sistema de imigra\u00e7\u00e3o est\u00e1 \u201cquebrado\u201d, mas quando questionada sobre por que n\u00e3o tomou medidas eficazes at\u00e9 agora, ela culpou Trump por barrar uma reforma bipartid\u00e1ria. Baier, no entanto, lembrou que os democratas controlaram o Congresso por parte de seu mandato, e ainda assim, nenhum avan\u00e7o significativo foi realizado.\n<\/p>\n<p>Apesar de usar a entrevista como uma tentativa de se posicionar contra Trump e mostrar for\u00e7a no maior canal de TV a cabo dos Estados Unidos, Kamala Harris saiu da conversa com uma imagem arranhada.\n<\/p>\n<p>Shapiro observou que a vice-presidente falhou em fornecer respostas substanciais e demonstrou que sua campanha continua dependente de ataques ao ex-presidente. \u201cEla claramente queria essa briga com a FoxNews e com Trump, mas saiu pior do que entrou\u201d, afirmou o comentarista.\n<\/p>\n<p>Fonte: O antagonista <\/p>\n<\/div>\n<p><br \/>\n<br \/><a href=\"https:\/\/diariodobrasilnoticias.com.br\/noticia\/kamala-harris-na-foxnews-um-desastre-completo-6710fc0673f77\">Source link <\/a><\/p>","protected":false},"excerpt":{"rendered":"<p>A vice-presidente dos Estados Unidos, Kamala Harris, participou de uma entrevista conflituosa na Fox News nesta quarta, 16, enfrentando uma s\u00e9rie de perguntas sobre sua gest\u00e3o e as promessas de&hellip;<\/p>","protected":false},"author":1,"featured_media":49088,"comment_status":"closed","ping_status":"open","sticky":false,"template":"","format":"standard","meta":{"content-type":"","footnotes":""},"categories":[16],"tags":[123,2448,5313,1267],"class_list":["post-49087","post","type-post","status-publish","format-standard","has-post-thumbnail","hentry","category-noticias","tag-brasil","tag-diario","tag-noticia","tag-noticias"],"_links":{"self":[{"href":"https:\/\/tvbrazilusa.com\/pt\/wp-json\/wp\/v2\/posts\/49087","targetHints":{"allow":["GET"]}}],"collection":[{"href":"https:\/\/tvbrazilusa.com\/pt\/wp-json\/wp\/v2\/posts"}],"about":[{"href":"https:\/\/tvbrazilusa.com\/pt\/wp-json\/wp\/v2\/types\/post"}],"author":[{"embeddable":true,"href":"https:\/\/tvbrazilusa.com\/pt\/wp-json\/wp\/v2\/users\/1"}],"replies":[{"embeddable":true,"href":"https:\/\/tvbrazilusa.com\/pt\/wp-json\/wp\/v2\/comments?post=49087"}],"version-history":[{"count":1,"href":"https:\/\/tvbrazilusa.com\/pt\/wp-json\/wp\/v2\/posts\/49087\/revisions"}],"predecessor-version":[{"id":49089,"href":"https:\/\/tvbrazilusa.com\/pt\/wp-json\/wp\/v2\/posts\/49087\/revisions\/49089"}],"wp:featuredmedia":[{"embeddable":true,"href":"https:\/\/tvbrazilusa.com\/pt\/wp-json\/wp\/v2\/media\/49088"}],"wp:attachment":[{"href":"https:\/\/tvbrazilusa.com\/pt\/wp-json\/wp\/v2\/media?parent=49087"}],"wp:term":[{"taxonomy":"category","embeddable":true,"href":"https:\/\/tvbrazilusa.com\/pt\/wp-json\/wp\/v2\/categories?post=49087"},{"taxonomy":"post_tag","embeddable":true,"href":"https:\/\/tvbrazilusa.com\/pt\/wp-json\/wp\/v2\/tags?post=49087"}],"curies":[{"name":"wp","href":"https:\/\/api.w.org\/{rel}","templated":true}]}}