{"id":49110,"date":"2024-10-17T15:08:09","date_gmt":"2024-10-17T15:08:09","guid":{"rendered":"https:\/\/tvbrazilusa.com\/2024\/10\/17\/nisia-sabia-de-contaminacao-de-orgaos-ha-um-mes-mas-nao-investigou\/"},"modified":"2024-10-17T15:08:10","modified_gmt":"2024-10-17T15:08:10","slug":"nisia-sabia-de-contaminacao-de-orgaos-ha-um-mes-mas-nao-investigou","status":"publish","type":"post","link":"https:\/\/tvbrazilusa.com\/pt\/2024\/10\/17\/nisia-sabia-de-contaminacao-de-orgaos-ha-um-mes-mas-nao-investigou\/","title":{"rendered":"N\u00edsia sabia de contamina\u00e7\u00e3o de \u00f3rg\u00e3os h\u00e1 um m\u00eas, mas n\u00e3o investigou"},"content":{"rendered":"<p> <script async src=\"https:\/\/pagead2.googlesyndication.com\/pagead\/js\/adsbygoogle.js?client=ca-pub-8864793242727901\"\r\n     crossorigin=\"anonymous\"><\/script><br \/>\n<\/p>\n<div id=\"taboola-read-more\" style=\"display:block; width:100%\">\n<p>A ministra N\u00edsia Trindade, da Sa\u00fade, reconheceu nesta quarta (16) que o minist\u00e9rio sabia da contamina\u00e7\u00e3o por HIV de pacientes transplantados no Rio de Janeiro h\u00e1 um m\u00eas, mas que n\u00e3o tocou a investiga\u00e7\u00e3o adiante por falta de evid\u00eancias.\n<\/p>\n<p>Na semana passada, quando o caso veio \u00e0 tona, a pasta informou que havia iniciado uma apura\u00e7\u00e3o interna no dia 14 de setembro, quando recebeu a primeira notifica\u00e7\u00e3o de um paciente infectado. N\u00edsia afirmou que antes da den\u00fancia, na \u00faltima sexta (11), n\u00e3o havia motivo para acionar a autoridade.<\/p>\n<p>\u201cApenas quando se caracteriza suspei\u00e7\u00e3o de poss\u00edvel a\u00e7\u00e3o criminosa \u00e9 que a pol\u00edcia deve ser acionada. E a partir do momento que novos casos foram verificados e que ind\u00edcios come\u00e7am a ser levantados, \u00e9 que eu procurei a Pol\u00edcia Federal, que \u00e9 o papel que cabe a uma inst\u00e2ncia federal\u201d, disse ap\u00f3s um evento em S\u00e3o Paulo \u00e0 Band.\n<\/p>\n<p>N\u00edsia Trindade afirmou que o Minist\u00e9rio da Sa\u00fade tomou conhecimento do primeiro caso de infec\u00e7\u00e3o no dia 14 de setembro, ap\u00f3s o receptor informar a contamina\u00e7\u00e3o e o doador ter passado por uma retestagem. Ap\u00f3s essa notifica\u00e7\u00e3o, a pasta diz ter enviado um of\u00edcio \u00e0 Central de Transplantes do Rio de Janeiro e institui\u00e7\u00f5es envolvidas exigindo medidas ap\u00f3s a identifica\u00e7\u00e3o do caso.\n<\/p>\n<p>No entanto, a investiga\u00e7\u00e3o pela Pol\u00edcia Federal come\u00e7ou apenas ap\u00f3s a revela\u00e7\u00e3o de que outras cinco pessoas haviam sido infectadas pelo HIV por \u00f3rg\u00e3os transplantados contaminados. O caso foi revelado pela Band e confirmado pela Gazeta do Povo.\n<\/p>\n<p>Em nota, a pasta informou que agiu rapidamente para mitigar os danos e proteger os pacientes afetados. Entre as a\u00e7\u00f5es adotadas, est\u00e1 a interdi\u00e7\u00e3o cautelar do laborat\u00f3rio e a determina\u00e7\u00e3o de que o Hemorio, unidade estadual de sa\u00fade, assuma a testagem dos doadores no estado.\n<\/p>\n<p>\u201cO Minist\u00e9rio da Sa\u00fade manifesta seu irrestrito apoio aos pacientes e suas fam\u00edlias\u201d, destacou em uma nota \u00e0 reportagem.\n<\/p>\n<p>O minist\u00e9rio garantiu que os pacientes infectados e seus contatos est\u00e3o recebendo atendimento especializado, que a situa\u00e7\u00e3o est\u00e1 sendo tratada com &#8220;extrema seriedade&#8221;, com foco na seguran\u00e7a dos transplantados e na integridade do sistema de sa\u00fade\n<\/p>\n<p>Al\u00e9m da suspens\u00e3o das atividades do laborat\u00f3rio PCS Saleme, o minist\u00e9rio ordenou a retestagem de todas as amostras de sangue coletadas desde a contrata\u00e7\u00e3o do laborat\u00f3rio para identificar poss\u00edveis novos casos de resultados incorretos. Tamb\u00e9m foi determinada a abertura de uma auditoria urgente pelo Departamento Nacional de Auditoria do SUS (DENASUS), que ir\u00e1 investigar poss\u00edveis irregularidades no contrato firmado com o laborat\u00f3rio.\n<\/p>\n<p>Todos os quatro envolvidos no caso, nesta fase da apura\u00e7\u00e3o policial, j\u00e1 foram presos: o respons\u00e1vel t\u00e9cnico do laborat\u00f3rio, Ivanilson Fernandes dos Santos; o ginecologista e s\u00f3cio do PCS Lab Saleme, Walter Vieira; a funcion\u00e1ria Jacqueline Iris Bacellar; e o t\u00e9cnico Cleber de Oliveira Santos.\n<\/p>\n<p>A pol\u00edcia suspeita que a dire\u00e7\u00e3o do laborat\u00f3rio teria orientado os t\u00e9cnicos a reduzirem a qualidade e periodicidade do controle dos kits de testes para aumentar os lucros da empresa. O PCS Lab Saleme negou as acusa\u00e7\u00f5es.\n<\/p>\n<p>Fonte: Gazeta do Povo <\/p>\n<\/div>\n<p><br \/>\n<br \/><a href=\"https:\/\/diariodobrasilnoticias.com.br\/noticia\/nisia-sabia-de-contaminacao-de-orgaos-ha-um-mes-mas-nao-investigou-671105c41927c\">Source link <\/a><\/p>","protected":false},"excerpt":{"rendered":"<p>A ministra N\u00edsia Trindade, da Sa\u00fade, reconheceu nesta quarta (16) que o minist\u00e9rio sabia da contamina\u00e7\u00e3o por HIV de pacientes transplantados no Rio de Janeiro h\u00e1 um m\u00eas, mas que&hellip;<\/p>","protected":false},"author":1,"featured_media":49111,"comment_status":"closed","ping_status":"open","sticky":false,"template":"","format":"standard","meta":{"content-type":"","footnotes":""},"categories":[16],"tags":[123,2448,5313,1267],"class_list":["post-49110","post","type-post","status-publish","format-standard","has-post-thumbnail","hentry","category-noticias","tag-brasil","tag-diario","tag-noticia","tag-noticias"],"_links":{"self":[{"href":"https:\/\/tvbrazilusa.com\/pt\/wp-json\/wp\/v2\/posts\/49110","targetHints":{"allow":["GET"]}}],"collection":[{"href":"https:\/\/tvbrazilusa.com\/pt\/wp-json\/wp\/v2\/posts"}],"about":[{"href":"https:\/\/tvbrazilusa.com\/pt\/wp-json\/wp\/v2\/types\/post"}],"author":[{"embeddable":true,"href":"https:\/\/tvbrazilusa.com\/pt\/wp-json\/wp\/v2\/users\/1"}],"replies":[{"embeddable":true,"href":"https:\/\/tvbrazilusa.com\/pt\/wp-json\/wp\/v2\/comments?post=49110"}],"version-history":[{"count":1,"href":"https:\/\/tvbrazilusa.com\/pt\/wp-json\/wp\/v2\/posts\/49110\/revisions"}],"predecessor-version":[{"id":49112,"href":"https:\/\/tvbrazilusa.com\/pt\/wp-json\/wp\/v2\/posts\/49110\/revisions\/49112"}],"wp:featuredmedia":[{"embeddable":true,"href":"https:\/\/tvbrazilusa.com\/pt\/wp-json\/wp\/v2\/media\/49111"}],"wp:attachment":[{"href":"https:\/\/tvbrazilusa.com\/pt\/wp-json\/wp\/v2\/media?parent=49110"}],"wp:term":[{"taxonomy":"category","embeddable":true,"href":"https:\/\/tvbrazilusa.com\/pt\/wp-json\/wp\/v2\/categories?post=49110"},{"taxonomy":"post_tag","embeddable":true,"href":"https:\/\/tvbrazilusa.com\/pt\/wp-json\/wp\/v2\/tags?post=49110"}],"curies":[{"name":"wp","href":"https:\/\/api.w.org\/{rel}","templated":true}]}}