{"id":49115,"date":"2024-10-17T15:21:57","date_gmt":"2024-10-17T15:21:57","guid":{"rendered":"https:\/\/tvbrazilusa.com\/2024\/10\/17\/estadao-enquanto-a-equipe-economica-ajusta-o-discurso-em-favor-do-corte-de-gastos-lula-defende-uma-abordagem-contraria\/"},"modified":"2024-10-17T15:21:58","modified_gmt":"2024-10-17T15:21:58","slug":"estadao-enquanto-a-equipe-economica-ajusta-o-discurso-em-favor-do-corte-de-gastos-lula-defende-uma-abordagem-contraria","status":"publish","type":"post","link":"https:\/\/tvbrazilusa.com\/pt\/2024\/10\/17\/estadao-enquanto-a-equipe-economica-ajusta-o-discurso-em-favor-do-corte-de-gastos-lula-defende-uma-abordagem-contraria\/","title":{"rendered":"Estad\u00e3o: enquanto a equipe econ\u00f4mica ajusta o discurso em favor do corte de gastos, Lula defende uma abordagem contr\u00e1ria"},"content":{"rendered":"<p> <script async src=\"https:\/\/pagead2.googlesyndication.com\/pagead\/js\/adsbygoogle.js?client=ca-pub-8864793242727901\"\r\n     crossorigin=\"anonymous\"><\/script><br \/>\n<\/p>\n<div id=\"taboola-read-more\" style=\"display:block; width:100%\">\n<p>A ministra do Planejamento do governo de Luiz In\u00e1cio Lula da Silva (PT), Simone Tebet, disse que chegou a hora de o governo \u201clevar a s\u00e9rio\u201d a revis\u00e3o estrutural dos gastos p\u00fablicos.\n<\/p>\n<p>Em entrevista ao jornal O Globo, Tebet reconheceu que a agenda de recupera\u00e7\u00e3o de receitas da equipe econ\u00f4mica chegou a um limite e que o desequil\u00edbrio fiscal do Or\u00e7amento n\u00e3o ser\u00e1 resolvido somente pela \u00f3tica da arrecada\u00e7\u00e3o.<\/p>\n<p>\u201cJ\u00e1 foi o momento de combater fraudes e erros, agora \u00e9 hora de fazer revis\u00e3o estrutural\u201d, afirmou Tebet.\n<\/p>\n<p>O ministro da Fazenda, Fernando Haddad, admitiu que o problema \u00e9 premente e precisa ser enfrentado com urg\u00eancia. Em entrevista \u00e0 Folha de S.Paulo, ele afirmou que medidas criadas com finalidades eleitorais, em especial durante o governo Jair Bolsonaro (PL), se tornaram uma \u201cbatata quente\u201d que precisa ser resolvida.\n<\/p>\n<p>Para a publica\u00e7\u00e3o, felizmente, existe no governo quem avalie as contas p\u00fablicas de maneira realista. Afinal de contas, o pa\u00eds registra h\u00e1 dez anos um d\u00e9ficit entre receitas e despesas, e, enquanto a arrecada\u00e7\u00e3o registrava altos e baixos, os gastos cresciam de maneira consistente e, em muitos anos, acima da infla\u00e7\u00e3o.\n<\/p>\n<p>\u201cNo entanto, se algo mudou no discurso da equipe econ\u00f4mica, tudo continua rigorosamente igual no governo, e o presidente Lula da Silva n\u00e3o parece convencido de que isso seja um problema\u201d, afirma o\u00a0<em>Estad\u00e3o<\/em>.\n<\/p>\n<p>Tebet disse que uma das medidas em avalia\u00e7\u00e3o pode abrir um espa\u00e7o fiscal de at\u00e9 R$ 20 bilh\u00f5es, mas n\u00e3o revelou seu teor. Reafirmou, no entanto, que h\u00e1 debates interditados pelo presidente, entre os quais mudan\u00e7as na pol\u00edtica de valoriza\u00e7\u00e3o do sal\u00e1rio m\u00ednimo.\n<\/p>\n<p>Fonte: Revista Oeste <\/p>\n<\/div>\n<p><br \/>\n<br \/><a href=\"https:\/\/diariodobrasilnoticias.com.br\/noticia\/-estadao-enquanto-a-equipe-economica-ajusta-o-discurso-em-favor-do-corte-de-gastos-lula-defende-uma-abordagem-contraria-67110fc837d64\">Source link <\/a><\/p>","protected":false},"excerpt":{"rendered":"<p>A ministra do Planejamento do governo de Luiz In\u00e1cio Lula da Silva (PT), Simone Tebet, disse que chegou a hora de o governo \u201clevar a s\u00e9rio\u201d a revis\u00e3o estrutural dos&hellip;<\/p>","protected":false},"author":1,"featured_media":49116,"comment_status":"closed","ping_status":"open","sticky":false,"template":"","format":"standard","meta":{"content-type":"","footnotes":""},"categories":[16],"tags":[123,2448,5313,1267],"class_list":["post-49115","post","type-post","status-publish","format-standard","has-post-thumbnail","hentry","category-noticias","tag-brasil","tag-diario","tag-noticia","tag-noticias"],"_links":{"self":[{"href":"https:\/\/tvbrazilusa.com\/pt\/wp-json\/wp\/v2\/posts\/49115","targetHints":{"allow":["GET"]}}],"collection":[{"href":"https:\/\/tvbrazilusa.com\/pt\/wp-json\/wp\/v2\/posts"}],"about":[{"href":"https:\/\/tvbrazilusa.com\/pt\/wp-json\/wp\/v2\/types\/post"}],"author":[{"embeddable":true,"href":"https:\/\/tvbrazilusa.com\/pt\/wp-json\/wp\/v2\/users\/1"}],"replies":[{"embeddable":true,"href":"https:\/\/tvbrazilusa.com\/pt\/wp-json\/wp\/v2\/comments?post=49115"}],"version-history":[{"count":1,"href":"https:\/\/tvbrazilusa.com\/pt\/wp-json\/wp\/v2\/posts\/49115\/revisions"}],"predecessor-version":[{"id":49117,"href":"https:\/\/tvbrazilusa.com\/pt\/wp-json\/wp\/v2\/posts\/49115\/revisions\/49117"}],"wp:featuredmedia":[{"embeddable":true,"href":"https:\/\/tvbrazilusa.com\/pt\/wp-json\/wp\/v2\/media\/49116"}],"wp:attachment":[{"href":"https:\/\/tvbrazilusa.com\/pt\/wp-json\/wp\/v2\/media?parent=49115"}],"wp:term":[{"taxonomy":"category","embeddable":true,"href":"https:\/\/tvbrazilusa.com\/pt\/wp-json\/wp\/v2\/categories?post=49115"},{"taxonomy":"post_tag","embeddable":true,"href":"https:\/\/tvbrazilusa.com\/pt\/wp-json\/wp\/v2\/tags?post=49115"}],"curies":[{"name":"wp","href":"https:\/\/api.w.org\/{rel}","templated":true}]}}