{"id":49169,"date":"2024-10-17T16:49:57","date_gmt":"2024-10-17T16:49:57","guid":{"rendered":"https:\/\/tvbrazilusa.com\/2024\/10\/17\/democratas-se-apressam-para-defender-kamala-apos-desastre-de-entrevista-na-fox-paulo-figueiredo\/"},"modified":"2024-10-17T17:48:05","modified_gmt":"2024-10-17T17:48:05","slug":"democratas-se-apressam-para-defender-kamala-apos-desastre-de-entrevista-na-fox-paulo-figueiredo","status":"publish","type":"post","link":"https:\/\/tvbrazilusa.com\/pt\/2024\/10\/17\/democratas-se-apressam-para-defender-kamala-apos-desastre-de-entrevista-na-fox-paulo-figueiredo\/","title":{"rendered":"Democratas se apressam para defender Kamala ap\u00f3s desastre de entrevista na FOX &#8211; Paulo Figueiredo"},"content":{"rendered":"<p> <script async src=\"https:\/\/pagead2.googlesyndication.com\/pagead\/js\/adsbygoogle.js?client=ca-pub-8864793242727901\"\r\n     crossorigin=\"anonymous\"><\/script><br \/>\n<\/p>\n<div id=\"wtr-content\" data-bg=\"#FFFFFF\" data-fg=\"#006d91\" data-width=\"25\" data-mute=\"1\" data-fgopacity=\"1.00\" data-mutedopacity=\"0.5\" data-placement=\"bottom\" data-placement-offset=\"0\" data-content-offset=\"262\" data-placement-touch=\"bottom\" data-placement-offset-touch=\"0\" data-transparent=\"\" data-shadow=\"0\" data-touch=\"1\" data-non-touch=\"1\" data-comments=\"0\" data-commentsbg=\"transparent\" data-location=\"page\" data-mutedfg=\"#006d91\" data-endfg=\"#006d91\" data-rtl=\"\">\n<p>Fetterman: Declara\u00e7\u00e3o de Harris sobre assumir responsabilidade pelo que acontece na administra\u00e7\u00e3o n\u00e3o se aplica a ela em rela\u00e7\u00e3o \u00e0 fronteira<\/p>\n<p>Na transmiss\u00e3o de quarta-feira do programa \u201cThe Source\u201d da CNN, o senador John Fetterman (D-PA) argumentou que a declara\u00e7\u00e3o da candidata democrata \u00e0 presid\u00eancia de 2024, Vice-Presidente Kamala Harris, de que voc\u00ea deve ser \u201crespons\u00e1vel pelo que acontece na sua administra\u00e7\u00e3o\u201d n\u00e3o se aplica a ela no que diz respeito \u00e0 situa\u00e7\u00e3o da fronteira durante o governo Biden-Harris.<\/p>\n<p>A apresentadora Kaitlan Collins perguntou: \u201cNo in\u00edcio da entrevista, enquanto falava sobre fornecer servi\u00e7os para pessoas transg\u00eanero no vasto sistema prisional federal, Harris argumentou que Trump tinha uma pol\u00edtica semelhante. E ela disse, em um ponto, \u2018Voc\u00ea tem que [ser respons\u00e1vel] pelo que acontece na sua administra\u00e7\u00e3o\u2019. O mesmo se aplica a ela, no entanto, quando questionada sobre a fronteira nos \u00faltimos tr\u00eas anos e meio?\u201d<\/p>\n<p>Fetterman respondeu: \u201cN\u00e3o. Toda a situa\u00e7\u00e3o, se voc\u00ea quiser falar sobre a fronteira, eu sempre deixei claro que a fronteira \u00e9 um problema, e n\u00e3o sei por que seria controverso para os democratas dizerem que precisamos de uma fronteira segura assim. Mas tamb\u00e9m temos que reconhecer que Trump absolutamente sabotou \u2014 ele sabotou e pediu para os republicanos sabotarem o acordo bipartid\u00e1rio sobre a fronteira. Eu votei a favor desse acordo, mas os republicanos se recusaram a apoi\u00e1-lo, e era um \u00f3timo projeto de lei. E os republicanos\u2026 concordaram que era um \u00f3timo acordo. E agora, Trump disse que isso \u00e9 valioso demais nas elei\u00e7\u00f5es e instrumentalizou essa quest\u00e3o, e \u00e9 assim que ele vai falar sobre isso. A fronteira precisava ser segura, e eu sempre fui claro e concordei com isso, e aquele projeto de lei foi sabotado por Trump.\u201d<\/p>\n<p><strong><a href=\"https:\/\/www.breitbart.com\/clips\/2024\/10\/17\/fetterman-harris-saying-you-own-what-happens-in-your-administration-doesnt-apply-to-her-on-the-border\/\">Source link<\/a><\/strong><\/p>\n<\/div>\n<p><br \/>\n<br \/><a href=\"https:\/\/paulofigueiredoshow.com\/democratas-se-apressam-para-defender-kamala-apos-desastre-de-entrevista-na-fox\/\">Source link <\/a><\/p>","protected":false},"excerpt":{"rendered":"<p>Fetterman: Declara\u00e7\u00e3o de Harris sobre assumir responsabilidade pelo que acontece na administra\u00e7\u00e3o n\u00e3o se aplica a ela em rela\u00e7\u00e3o \u00e0 fronteira Na transmiss\u00e3o de quarta-feira do programa \u201cThe Source\u201d da&hellip;<\/p>","protected":false},"author":1,"featured_media":49170,"comment_status":"closed","ping_status":"open","sticky":false,"template":"","format":"standard","meta":{"content-type":"","footnotes":""},"categories":[16],"tags":[28046,1534,2757,137,592,6957,1535,284],"class_list":["post-49169","post","type-post","status-publish","format-standard","has-post-thumbnail","hentry","category-noticias","tag-arrumar","tag-democratas","tag-desastre","tag-entrevista","tag-eua","tag-fox","tag-kamala","tag-situacao"],"_links":{"self":[{"href":"https:\/\/tvbrazilusa.com\/pt\/wp-json\/wp\/v2\/posts\/49169","targetHints":{"allow":["GET"]}}],"collection":[{"href":"https:\/\/tvbrazilusa.com\/pt\/wp-json\/wp\/v2\/posts"}],"about":[{"href":"https:\/\/tvbrazilusa.com\/pt\/wp-json\/wp\/v2\/types\/post"}],"author":[{"embeddable":true,"href":"https:\/\/tvbrazilusa.com\/pt\/wp-json\/wp\/v2\/users\/1"}],"replies":[{"embeddable":true,"href":"https:\/\/tvbrazilusa.com\/pt\/wp-json\/wp\/v2\/comments?post=49169"}],"version-history":[{"count":1,"href":"https:\/\/tvbrazilusa.com\/pt\/wp-json\/wp\/v2\/posts\/49169\/revisions"}],"predecessor-version":[{"id":49171,"href":"https:\/\/tvbrazilusa.com\/pt\/wp-json\/wp\/v2\/posts\/49169\/revisions\/49171"}],"wp:featuredmedia":[{"embeddable":true,"href":"https:\/\/tvbrazilusa.com\/pt\/wp-json\/wp\/v2\/media\/49170"}],"wp:attachment":[{"href":"https:\/\/tvbrazilusa.com\/pt\/wp-json\/wp\/v2\/media?parent=49169"}],"wp:term":[{"taxonomy":"category","embeddable":true,"href":"https:\/\/tvbrazilusa.com\/pt\/wp-json\/wp\/v2\/categories?post=49169"},{"taxonomy":"post_tag","embeddable":true,"href":"https:\/\/tvbrazilusa.com\/pt\/wp-json\/wp\/v2\/tags?post=49169"}],"curies":[{"name":"wp","href":"https:\/\/api.w.org\/{rel}","templated":true}]}}