{"id":49221,"date":"2024-10-17T21:36:53","date_gmt":"2024-10-17T21:36:53","guid":{"rendered":"https:\/\/tvbrazilusa.com\/2024\/10\/17\/juri-recomenda-prisao-perpetua-para-empreiteiro-do-condado-de-clay-jacksonville-today\/"},"modified":"2024-10-17T21:51:15","modified_gmt":"2024-10-17T21:51:15","slug":"juri-recomenda-prisao-perpetua-para-empreiteiro-do-condado-de-clay-jacksonville-today","status":"publish","type":"post","link":"https:\/\/tvbrazilusa.com\/pt\/2024\/10\/17\/juri-recomenda-prisao-perpetua-para-empreiteiro-do-condado-de-clay-jacksonville-today\/","title":{"rendered":"J\u00fari recomenda pris\u00e3o perp\u00e9tua para empreiteiro do condado de Clay &#8211; Jacksonville Today"},"content":{"rendered":"<p> <script async src=\"https:\/\/pagead2.googlesyndication.com\/pagead\/js\/adsbygoogle.js?client=ca-pub-8864793242727901\"\r\n     crossorigin=\"anonymous\"><\/script><br \/>\n<\/p>\n<div>\n<p>Um j\u00fari do condado de Clay recomendou na quinta-feira pris\u00e3o perp\u00e9tua para o empreiteiro Corey Binderim do condado de Clay, que foi condenado pelo assassinato de uma mulher cuja casa ele estava reformando.<\/p>\n<p>Susan Mauldin, 65, foi dada como desaparecida de sua casa na Ilha Fleming em outubro de 2019. Seus restos mortais foram encontrados mais tarde em um aterro sanit\u00e1rio na Ge\u00f3rgia.<\/p>\n<p>Mauldin amea\u00e7ou chamar a pol\u00edcia e um advogado quando Binderim parou de reformar seu banheiro depois de receber US$ 12 mil pelo trabalho.<\/p>\n<p>O j\u00fari condenou Binderim, 49, por assassinato em primeiro grau e <a href=\"https:\/\/www.news4jax.com\/news\/local\/2024\/10\/17\/jury-to-hear-more-testimony-thursday-as-they-weigh-death-penalty-recommendation-for-contractor-who-killed-client\/\" rel=\"nofollow noopener\" target=\"_blank\">ouvi dois dias de testemunho<\/a> na fase de senten\u00e7a do julgamento. <\/p>\n<p>Esse depoimento incluiu a amiga Phyllis Yates, que contou ao j\u00fari sobre os almo\u00e7os semanais que ela tinha com Mauldin, inclusive um dia antes de seu assassinato.<\/p>\n<figure class=\"wp-block-image size-large\"><figcaption class=\"wp-element-caption\">Susan Mauldin foi dada como desaparecida de sua casa na Ilha Fleming em outubro de 2019. | News4Jax<\/figcaption><\/figure>\n<p>\u201cOs \u00faltimos cinco anos realmente me afetaram de v\u00e1rias maneiras\u201d, disse Yates. \u201cEstou grato agora que a justi\u00e7a est\u00e1 sendo feita. Agora vamos nos apegar \u00e0s mem\u00f3rias que constru\u00edmos com Susan Mauldin, de dezembro de 2006 at\u00e9 meu \u00faltimo almo\u00e7o permanente com meu melhor amigo em 23 de outubro de 2019. Estou ansioso para ver meu amigo especial no c\u00e9u.\u201d<\/p>\n<p>O j\u00fari teve a op\u00e7\u00e3o de recomendar uma senten\u00e7a de morte. O j\u00fari votou sete a cinco pela senten\u00e7a de morte. A lei estadual exige oito votos a quatro para a senten\u00e7a de morte.<\/p>\n<\/div>\n<p><br \/>\n<br \/><a href=\"https:\/\/jaxtoday.org\/2024\/10\/17\/contractor-murder-life-sentence\/\">Source link <\/a><\/p>","protected":false},"excerpt":{"rendered":"<p>Um j\u00fari do condado de Clay recomendou na quinta-feira pris\u00e3o perp\u00e9tua para o empreiteiro Corey Binderim do condado de Clay, que foi condenado pelo assassinato de uma mulher cuja casa&hellip;<\/p>","protected":false},"author":1,"featured_media":49222,"comment_status":"closed","ping_status":"open","sticky":false,"template":"","format":"standard","meta":{"content-type":"","footnotes":""},"categories":[1],"tags":[],"class_list":["post-49221","post","type-post","status-publish","format-standard","has-post-thumbnail","hentry","category-uncategorized"],"_links":{"self":[{"href":"https:\/\/tvbrazilusa.com\/pt\/wp-json\/wp\/v2\/posts\/49221","targetHints":{"allow":["GET"]}}],"collection":[{"href":"https:\/\/tvbrazilusa.com\/pt\/wp-json\/wp\/v2\/posts"}],"about":[{"href":"https:\/\/tvbrazilusa.com\/pt\/wp-json\/wp\/v2\/types\/post"}],"author":[{"embeddable":true,"href":"https:\/\/tvbrazilusa.com\/pt\/wp-json\/wp\/v2\/users\/1"}],"replies":[{"embeddable":true,"href":"https:\/\/tvbrazilusa.com\/pt\/wp-json\/wp\/v2\/comments?post=49221"}],"version-history":[{"count":1,"href":"https:\/\/tvbrazilusa.com\/pt\/wp-json\/wp\/v2\/posts\/49221\/revisions"}],"predecessor-version":[{"id":49223,"href":"https:\/\/tvbrazilusa.com\/pt\/wp-json\/wp\/v2\/posts\/49221\/revisions\/49223"}],"wp:featuredmedia":[{"embeddable":true,"href":"https:\/\/tvbrazilusa.com\/pt\/wp-json\/wp\/v2\/media\/49222"}],"wp:attachment":[{"href":"https:\/\/tvbrazilusa.com\/pt\/wp-json\/wp\/v2\/media?parent=49221"}],"wp:term":[{"taxonomy":"category","embeddable":true,"href":"https:\/\/tvbrazilusa.com\/pt\/wp-json\/wp\/v2\/categories?post=49221"},{"taxonomy":"post_tag","embeddable":true,"href":"https:\/\/tvbrazilusa.com\/pt\/wp-json\/wp\/v2\/tags?post=49221"}],"curies":[{"name":"wp","href":"https:\/\/api.w.org\/{rel}","templated":true}]}}