{"id":49227,"date":"2024-10-17T22:21:32","date_gmt":"2024-10-17T22:21:32","guid":{"rendered":"https:\/\/tvbrazilusa.com\/2024\/10\/17\/a-policia-francesa-investiga-o-motorista-que-atropelou-e-matou-uma-brasileira-na-faixa-de-pedestres-em-paris\/"},"modified":"2024-10-17T22:21:34","modified_gmt":"2024-10-17T22:21:34","slug":"a-policia-francesa-investiga-o-motorista-que-atropelou-e-matou-uma-brasileira-na-faixa-de-pedestres-em-paris","status":"publish","type":"post","link":"https:\/\/tvbrazilusa.com\/pt\/2024\/10\/17\/a-policia-francesa-investiga-o-motorista-que-atropelou-e-matou-uma-brasileira-na-faixa-de-pedestres-em-paris\/","title":{"rendered":"A pol\u00edcia francesa investiga o motorista que atropelou e matou uma brasileira na faixa de pedestres em Paris"},"content":{"rendered":"<p> <script async src=\"https:\/\/pagead2.googlesyndication.com\/pagead\/js\/adsbygoogle.js?client=ca-pub-8864793242727901\"\r\n     crossorigin=\"anonymous\"><\/script><br \/>\n<\/p>\n<p>A pol\u00edcia francesa investiga um homem que matou uma brasileira, em Paris, ap\u00f3s atropelar a v\u00edtima em uma faixa de pedestre. Fernanda Carolina Lind Silva, de 31 anos, morreu nesta quarta-feira (16), depois de ficar internada no Hospital Beaujon, em Clichy. O acidente aconteceu na ter\u00e7a (15), quando a influenciadora digital corria na Avenida de la Fouilleuse, em frente ao aut\u00f3dromo de Saint-Cloud, e foi brutalmente atingida pelo carro do motorista.\n<\/p>\n<p>O atropelamento, informou o Le Parisien, aconteceu por volta das 9h, no fuso local (4h da manh\u00e3 no hor\u00e1rio de Bras\u00edlia). Corredora amadora, Fernanda fazia um treino de rua, como de costume, no momento da colis\u00e3o. Em abril deste ano, ela correu sua primeira maratona.<\/p>\n<div data-block-type=\"unstyled\" data-block-weight=\"43\">\n<p class=\"content-text__container\" data-track-category=\"Link no Texto\" data-track-links=\"data-track-links\">Segundo o jornal franc\u00eas, o condutor do ve\u00edculo foi identificado pelas autoridades e passou por um exame toxicol\u00f3gico para atestar consumo de \u00e1lcool e drogas. O resultado foi negativo. Apesar disso, ele foi levado sob cust\u00f3dia policial. O caso \u00e9 investigado como homic\u00eddio.\n<\/p>\n<\/div>\n<div data-block-type=\"unstyled\" data-block-weight=\"55\">\n<p class=\"content-text__container\" data-track-category=\"Link no Texto\" data-track-links=\"data-track-links\">Natural de Santos, no litoral de S\u00e3o Paulo, Fernanda morava na Fran\u00e7a h\u00e1 seis anos, onde trabalhava em uma empresa de com\u00e9rcio exterior, no mercado de Artes e Design. Ela se mudou para o pa\u00eds com o marido, em 2018, para fazer mestrado em gest\u00e3o e neg\u00f3cios internacionais pela Universidade de Paris II \u2014 Panth\u00e9on-Assas.\n<\/p>\n<\/div>\n<p><br \/>\n<br \/><a href=\"https:\/\/diariodobrasilnoticias.com.br\/noticia\/a-policia-francesa-investiga-o-motorista-que-atropelou-e-matou-uma-brasileira-na-faixa-de-pedestres-em-paris-67116981f116f\">Source link <\/a><\/p>","protected":false},"excerpt":{"rendered":"<p>A pol\u00edcia francesa investiga um homem que matou uma brasileira, em Paris, ap\u00f3s atropelar a v\u00edtima em uma faixa de pedestre. Fernanda Carolina Lind Silva, de 31 anos, morreu nesta&hellip;<\/p>","protected":false},"author":1,"featured_media":49228,"comment_status":"closed","ping_status":"open","sticky":false,"template":"","format":"standard","meta":{"content-type":"","footnotes":""},"categories":[16],"tags":[123,2448,5313,1267],"class_list":["post-49227","post","type-post","status-publish","format-standard","has-post-thumbnail","hentry","category-noticias","tag-brasil","tag-diario","tag-noticia","tag-noticias"],"_links":{"self":[{"href":"https:\/\/tvbrazilusa.com\/pt\/wp-json\/wp\/v2\/posts\/49227","targetHints":{"allow":["GET"]}}],"collection":[{"href":"https:\/\/tvbrazilusa.com\/pt\/wp-json\/wp\/v2\/posts"}],"about":[{"href":"https:\/\/tvbrazilusa.com\/pt\/wp-json\/wp\/v2\/types\/post"}],"author":[{"embeddable":true,"href":"https:\/\/tvbrazilusa.com\/pt\/wp-json\/wp\/v2\/users\/1"}],"replies":[{"embeddable":true,"href":"https:\/\/tvbrazilusa.com\/pt\/wp-json\/wp\/v2\/comments?post=49227"}],"version-history":[{"count":1,"href":"https:\/\/tvbrazilusa.com\/pt\/wp-json\/wp\/v2\/posts\/49227\/revisions"}],"predecessor-version":[{"id":49229,"href":"https:\/\/tvbrazilusa.com\/pt\/wp-json\/wp\/v2\/posts\/49227\/revisions\/49229"}],"wp:featuredmedia":[{"embeddable":true,"href":"https:\/\/tvbrazilusa.com\/pt\/wp-json\/wp\/v2\/media\/49228"}],"wp:attachment":[{"href":"https:\/\/tvbrazilusa.com\/pt\/wp-json\/wp\/v2\/media?parent=49227"}],"wp:term":[{"taxonomy":"category","embeddable":true,"href":"https:\/\/tvbrazilusa.com\/pt\/wp-json\/wp\/v2\/categories?post=49227"},{"taxonomy":"post_tag","embeddable":true,"href":"https:\/\/tvbrazilusa.com\/pt\/wp-json\/wp\/v2\/tags?post=49227"}],"curies":[{"name":"wp","href":"https:\/\/api.w.org\/{rel}","templated":true}]}}