{"id":49230,"date":"2024-10-17T22:36:02","date_gmt":"2024-10-17T22:36:02","guid":{"rendered":"https:\/\/tvbrazilusa.com\/2024\/10\/17\/pm-morre-apos-reagir-a-tentativa-de-assalto-de-sua-moto-foi-alvejado-no-torax-veja-video\/"},"modified":"2024-10-17T22:36:04","modified_gmt":"2024-10-17T22:36:04","slug":"pm-morre-apos-reagir-a-tentativa-de-assalto-de-sua-moto-foi-alvejado-no-torax-veja-video","status":"publish","type":"post","link":"https:\/\/tvbrazilusa.com\/pt\/2024\/10\/17\/pm-morre-apos-reagir-a-tentativa-de-assalto-de-sua-moto-foi-alvejado-no-torax-veja-video\/","title":{"rendered":"PM morre ap\u00f3s reagir a tentativa de assalto de sua moto, foi alvejado no t\u00f3rax; VEJA V\u00cdDEO"},"content":{"rendered":"<p> <script async src=\"https:\/\/pagead2.googlesyndication.com\/pagead\/js\/adsbygoogle.js?client=ca-pub-8864793242727901\"\r\n     crossorigin=\"anonymous\"><\/script><br \/>\n<\/p>\n<div>\n<figure class=\"post-image\">\n<\/figure>\n<p><span style=\"font-size: 12px\">Reprodu\u00e7\u00e3o<\/span><\/p>\n<div id=\"taboola-read-more\" style=\"display:block; width:100%\">\n<p>Um policial militar de 34 anos morreu ap\u00f3s ser baleado em uma tentativa de assalto, na Rodovia Anhanguera, em Campinas, no interior de S\u00e3o Paulo, na noite dessa quarta-feira (16\/10). Juan Comitre de Mello era soldado do Comando de Opera\u00e7\u00f5es Especiais (COE), grupo de elite da PM paulista.\n<\/p>\n<p>Uma c\u00e2mera de seguran\u00e7a registrou o momento que o policial passava de moto na rodovia, \u00e0 paisana. Ele foi abordado por quatro suspeitos, em outras duas motos, que o fizeram parar. Juan tentou reagir, mas foi baleado no t\u00f3rax.<\/p>\n<p><strong>VEJA V\u00cdDEO:<\/strong>\n<\/p>\n<p>Segundo a Secretaria da Seguran\u00e7a P\u00fablica (SSP), o Samu foi acionado e constatou a morte do PM ainda no local. Ainda conforme a pasta, os suspeitos fugiram a p\u00e9.\n<\/p>\n<p>A arma do policial e as motos usadas pelos suspeitos foram apreendidas. O caso foi registrado como homic\u00eddio e tentativa de roubo na 2\u00aa Delegacia Seccional de Campinas.\n<\/p>\n<p>\u201cAs investiga\u00e7\u00f5es seguem para identificar e prender os criminosos\u201d, afirmou a SSP.\n<\/p>\n<p>Fonte: Metr\u00f3poles <\/p>\n<\/div>\n<div class=\"row mt-3\">\n<div class=\"col-sm-6\">\n<p><a href=\"https:\/\/chat.whatsapp.com\/J6hwSKYns5B0XFowx2wZ0P\" target=\"_blank\" rel=\"noopener\"><br \/>\n<img decoding=\"async\" src=\"https:\/\/diariodobrasilnoticias.com.br\/assets-site\/images\/bot_whatsapp.png\"\/><\/a>\n<\/div>\n<div class=\"col-sm-6\">\n<a href=\"https:\/\/t.me\/+_4gTmi5LKo03OTM5\" target=\"_blank\" rel=\"noopener\"><br \/>\n<img decoding=\"async\" src=\"https:\/\/diariodobrasilnoticias.com.br\/assets-site\/images\/bot_telegram.png\"\/><\/a>\n<\/div>\n<\/div>\n<\/div>\n<p><br \/>\n<br \/><a href=\"https:\/\/diariodobrasilnoticias.com.br\/noticia\/pm-morre-apos-reagir-a-tentativa-de-assalto-de-sua-moto-foi-alvejado-no-torax-veja-video-67116aca42077\">Source link <\/a><\/p>","protected":false},"excerpt":{"rendered":"<p>Reprodu\u00e7\u00e3o Um policial militar de 34 anos morreu ap\u00f3s ser baleado em uma tentativa de assalto, na Rodovia Anhanguera, em Campinas, no interior de S\u00e3o Paulo, na noite dessa quarta-feira&hellip;<\/p>","protected":false},"author":1,"featured_media":49231,"comment_status":"closed","ping_status":"open","sticky":false,"template":"","format":"standard","meta":{"content-type":"","footnotes":""},"categories":[16],"tags":[123,2448,5313,1267],"class_list":["post-49230","post","type-post","status-publish","format-standard","has-post-thumbnail","hentry","category-noticias","tag-brasil","tag-diario","tag-noticia","tag-noticias"],"_links":{"self":[{"href":"https:\/\/tvbrazilusa.com\/pt\/wp-json\/wp\/v2\/posts\/49230","targetHints":{"allow":["GET"]}}],"collection":[{"href":"https:\/\/tvbrazilusa.com\/pt\/wp-json\/wp\/v2\/posts"}],"about":[{"href":"https:\/\/tvbrazilusa.com\/pt\/wp-json\/wp\/v2\/types\/post"}],"author":[{"embeddable":true,"href":"https:\/\/tvbrazilusa.com\/pt\/wp-json\/wp\/v2\/users\/1"}],"replies":[{"embeddable":true,"href":"https:\/\/tvbrazilusa.com\/pt\/wp-json\/wp\/v2\/comments?post=49230"}],"version-history":[{"count":1,"href":"https:\/\/tvbrazilusa.com\/pt\/wp-json\/wp\/v2\/posts\/49230\/revisions"}],"predecessor-version":[{"id":49232,"href":"https:\/\/tvbrazilusa.com\/pt\/wp-json\/wp\/v2\/posts\/49230\/revisions\/49232"}],"wp:featuredmedia":[{"embeddable":true,"href":"https:\/\/tvbrazilusa.com\/pt\/wp-json\/wp\/v2\/media\/49231"}],"wp:attachment":[{"href":"https:\/\/tvbrazilusa.com\/pt\/wp-json\/wp\/v2\/media?parent=49230"}],"wp:term":[{"taxonomy":"category","embeddable":true,"href":"https:\/\/tvbrazilusa.com\/pt\/wp-json\/wp\/v2\/categories?post=49230"},{"taxonomy":"post_tag","embeddable":true,"href":"https:\/\/tvbrazilusa.com\/pt\/wp-json\/wp\/v2\/tags?post=49230"}],"curies":[{"name":"wp","href":"https:\/\/api.w.org\/{rel}","templated":true}]}}