{"id":49253,"date":"2024-10-18T00:44:54","date_gmt":"2024-10-18T00:44:54","guid":{"rendered":"https:\/\/tvbrazilusa.com\/2024\/10\/18\/suspeito-de-ameacar-bolsonaro-ja-foi-solto\/"},"modified":"2024-10-18T00:44:55","modified_gmt":"2024-10-18T00:44:55","slug":"suspeito-de-ameacar-bolsonaro-ja-foi-solto","status":"publish","type":"post","link":"https:\/\/tvbrazilusa.com\/pt\/2024\/10\/18\/suspeito-de-ameacar-bolsonaro-ja-foi-solto\/","title":{"rendered":"Suspeito de amea\u00e7ar Bolsonaro j\u00e1 foi solto"},"content":{"rendered":"<p> <script async src=\"https:\/\/pagead2.googlesyndication.com\/pagead\/js\/adsbygoogle.js?client=ca-pub-8864793242727901\"\r\n     crossorigin=\"anonymous\"><\/script><br \/>\n<\/p>\n<div id=\"taboola-read-more\" style=\"display:block; width:100%\">\n<p>A Pol\u00edcia Civil da Para\u00edba prendeu, nesta quinta-feira, 17, um homem suspeito de amea\u00e7ar de morte o ex-presidente Jair Bolsonaro durante uma visita a Jo\u00e3o Pessoa, capital do Estado.\n<\/p>\n<p>O suspeito fez a amea\u00e7a pelas redes sociais, ao afirmar que cometeria o crime contra Bolsonaro durante sua visita \u00e0 cidade.<\/p>\n<p>\u201cBolsonaro vai ser morto agora na vinda dele aqui em Jo\u00e3o Pessoa\u201d, disse o suspeito. \u201cO atentado j\u00e1 est\u00e1 organizado, n\u00e3o vai escapar.\u201d\n<\/p>\n<p>O ex-presidente tamb\u00e9m comentou o ocorrido em suas redes sociais. Na publica\u00e7\u00e3o, Bolsonaro tratou o epis\u00f3dio como um caso \u201ccomum\u201d de \u201camea\u00e7as\u201d e \u201cintimida\u00e7\u00f5es\u201d. Ele ironizou a situa\u00e7\u00e3o ao afirmar: \u201cMas, sou de direita\u2026 Logo, tudo bem.\u201d\n<\/p>\n<p>A pol\u00edcia localizou o homem no bairro do Geisel, em Jo\u00e3o Pessoa. Ele foi levado para a sede da Pol\u00edcia Civil, onde prestou depoimento. Depois de ser ouvido, ele foi, ent\u00e3o, solto para responder ao processo em liberdade, de acordo com a legisla\u00e7\u00e3o vigente para casos desse tipo.\n<\/p>\n<p>Bolsonaro em Jo\u00e3o Pessoa<br \/>A viagem de Bolsonaro a Jo\u00e3o Pessoa faz parte de um itiner\u00e1rio maior de apoio aos candidatos do Partido Liberal que disputam o segundo turno das elei\u00e7\u00f5es municipais.\n<\/p>\n<p>Na capital paraibana, o ex-presidente declarou seu apoio ao ex-ministro da Sa\u00fade Marcelo Queiroga. Este, por sua vez, concorre pela primeira vez a um cargo eletivo, ao disputar a prefeitura da cidade ao lado de seu vice, S\u00e9rgio Queiroz.\n<\/p>\n<p>Durante sua visita, Bolsonaro participou de uma carreata que percorreu as principais vias da cidade. Ele tamb\u00e9m fez um discurso para apoiadores, em que refor\u00e7ou a import\u00e2ncia de eleger Queiroga e de fortalecer sua presen\u00e7a pol\u00edtica no cen\u00e1rio local.\n<\/p>\n<p>Essa visita a Jo\u00e3o Pessoa reflete a estrat\u00e9gia de Bolsonaro em consolidar alian\u00e7as regionais e fortalecer o Partido Liberal em Estados importantes, como a Para\u00edba, durante o per\u00edodo eleitoral.\n<\/p>\n<p>Fonte: Revista Oeste <\/p>\n<\/div>\n<p><br \/>\n<br \/><a href=\"https:\/\/diariodobrasilnoticias.com.br\/noticia\/suspeito-de-ameacar-bolsonaro-ja-foi-solto-67118124420b3\">Source link <\/a><\/p>","protected":false},"excerpt":{"rendered":"<p>A Pol\u00edcia Civil da Para\u00edba prendeu, nesta quinta-feira, 17, um homem suspeito de amea\u00e7ar de morte o ex-presidente Jair Bolsonaro durante uma visita a Jo\u00e3o Pessoa, capital do Estado. O&hellip;<\/p>","protected":false},"author":1,"featured_media":49254,"comment_status":"closed","ping_status":"open","sticky":false,"template":"","format":"standard","meta":{"content-type":"","footnotes":""},"categories":[16],"tags":[123,2448,5313,1267],"class_list":["post-49253","post","type-post","status-publish","format-standard","has-post-thumbnail","hentry","category-noticias","tag-brasil","tag-diario","tag-noticia","tag-noticias"],"_links":{"self":[{"href":"https:\/\/tvbrazilusa.com\/pt\/wp-json\/wp\/v2\/posts\/49253","targetHints":{"allow":["GET"]}}],"collection":[{"href":"https:\/\/tvbrazilusa.com\/pt\/wp-json\/wp\/v2\/posts"}],"about":[{"href":"https:\/\/tvbrazilusa.com\/pt\/wp-json\/wp\/v2\/types\/post"}],"author":[{"embeddable":true,"href":"https:\/\/tvbrazilusa.com\/pt\/wp-json\/wp\/v2\/users\/1"}],"replies":[{"embeddable":true,"href":"https:\/\/tvbrazilusa.com\/pt\/wp-json\/wp\/v2\/comments?post=49253"}],"version-history":[{"count":1,"href":"https:\/\/tvbrazilusa.com\/pt\/wp-json\/wp\/v2\/posts\/49253\/revisions"}],"predecessor-version":[{"id":49255,"href":"https:\/\/tvbrazilusa.com\/pt\/wp-json\/wp\/v2\/posts\/49253\/revisions\/49255"}],"wp:featuredmedia":[{"embeddable":true,"href":"https:\/\/tvbrazilusa.com\/pt\/wp-json\/wp\/v2\/media\/49254"}],"wp:attachment":[{"href":"https:\/\/tvbrazilusa.com\/pt\/wp-json\/wp\/v2\/media?parent=49253"}],"wp:term":[{"taxonomy":"category","embeddable":true,"href":"https:\/\/tvbrazilusa.com\/pt\/wp-json\/wp\/v2\/categories?post=49253"},{"taxonomy":"post_tag","embeddable":true,"href":"https:\/\/tvbrazilusa.com\/pt\/wp-json\/wp\/v2\/tags?post=49253"}],"curies":[{"name":"wp","href":"https:\/\/api.w.org\/{rel}","templated":true}]}}