{"id":49267,"date":"2024-10-18T01:53:34","date_gmt":"2024-10-18T01:53:34","guid":{"rendered":"https:\/\/tvbrazilusa.com\/2024\/10\/18\/adolescente-e-suspeito-de-colocar-fogo-em-uma-crianca-autista-no-interior-de-sp\/"},"modified":"2024-10-18T01:53:36","modified_gmt":"2024-10-18T01:53:36","slug":"adolescente-e-suspeito-de-colocar-fogo-em-uma-crianca-autista-no-interior-de-sp","status":"publish","type":"post","link":"https:\/\/tvbrazilusa.com\/pt\/2024\/10\/18\/adolescente-e-suspeito-de-colocar-fogo-em-uma-crianca-autista-no-interior-de-sp\/","title":{"rendered":"Adolescente \u00e9 suspeito de colocar fogo em uma crian\u00e7a autista no interior de SP"},"content":{"rendered":"<p> <script async src=\"https:\/\/pagead2.googlesyndication.com\/pagead\/js\/adsbygoogle.js?client=ca-pub-8864793242727901\"\r\n     crossorigin=\"anonymous\"><\/script><br \/>\n<\/p>\n<div>\n<figure class=\"post-image\">\n<\/figure>\n<p><span style=\"font-size: 12px\">Reprodu\u00e7\u00e3o\/ Street View<\/span><\/p>\n<div id=\"taboola-read-more\" style=\"display:block; width:100%\">\n<p>A Pol\u00edcia Civil investiga o caso em que um adolescente de 16 anos \u00e9 suspeito de atear fogo em uma crian\u00e7a autista de seis anos, ocorrido na noite dessa quarta-feira (16\/10), no quintal de uma casa no bairro Cidade Nova, em S\u00e3o Jos\u00e9 do Rio Preto, no interior de S\u00e3o Paulo.\n<\/p>\n<p>A v\u00edtima teve queimaduras nas pernas e na barriga. O adolescente disse que usou um frasco de \u00e1lcool e um isqueiro para colocar fogo.<\/p>\n<p>A crian\u00e7a foi levada para a Unidade de Pronto Atendimento (UPA) Tangar\u00e1, onde recebeu atendimento m\u00e9dico e agora se encontra em estado est\u00e1vel.\n<\/p>\n<p>Segundo a Secretaria da Seguran\u00e7a P\u00fablica (SSP), o adolescente tamb\u00e9m foi levado para a UPA, pois foi agredido por tio da v\u00edtima durante a a\u00e7\u00e3o. Da unidade de sa\u00fade, ele foi levado para a delegacia da cidade, onde prestou depoimentos e foi liberado.\n<\/p>\n<p>Al\u00e9m do suspeito, as m\u00e3es dos envolvidos tamb\u00e9m prestaram depoimento \u00e0s autoridades policiais.\n<\/p>\n<p>O caso foi registrado na Delegacia Seccional de S\u00e3o Jos\u00e9 do Rio Preto e ser\u00e1 investigado pelo 5\u00ba DP da cidade\n<\/p>\n<p>Fonte: Metr\u00f3poles <\/p>\n<\/div>\n<div class=\"row mt-3\">\n<div class=\"col-sm-6\">\n<p><a href=\"https:\/\/chat.whatsapp.com\/J6hwSKYns5B0XFowx2wZ0P\" target=\"_blank\" rel=\"noopener\"><br \/>\n<img decoding=\"async\" src=\"https:\/\/diariodobrasilnoticias.com.br\/assets-site\/images\/bot_whatsapp.png\"\/><\/a>\n<\/div>\n<div class=\"col-sm-6\">\n<a href=\"https:\/\/t.me\/+_4gTmi5LKo03OTM5\" target=\"_blank\" rel=\"noopener\"><br \/>\n<img decoding=\"async\" src=\"https:\/\/diariodobrasilnoticias.com.br\/assets-site\/images\/bot_telegram.png\"\/><\/a>\n<\/div>\n<\/div>\n<\/div>\n<p><br \/>\n<br \/><a href=\"https:\/\/diariodobrasilnoticias.com.br\/noticia\/adolescente-e-suspeito-de-colocar-fogo-em-uma-crianca-autista-no-interior-de-sp-67118a702eab3\">Source link <\/a><\/p>","protected":false},"excerpt":{"rendered":"<p>Reprodu\u00e7\u00e3o\/ Street View A Pol\u00edcia Civil investiga o caso em que um adolescente de 16 anos \u00e9 suspeito de atear fogo em uma crian\u00e7a autista de seis anos, ocorrido na&hellip;<\/p>","protected":false},"author":1,"featured_media":49268,"comment_status":"closed","ping_status":"open","sticky":false,"template":"","format":"standard","meta":{"content-type":"","footnotes":""},"categories":[16],"tags":[123,2448,5313,1267],"class_list":["post-49267","post","type-post","status-publish","format-standard","has-post-thumbnail","hentry","category-noticias","tag-brasil","tag-diario","tag-noticia","tag-noticias"],"_links":{"self":[{"href":"https:\/\/tvbrazilusa.com\/pt\/wp-json\/wp\/v2\/posts\/49267","targetHints":{"allow":["GET"]}}],"collection":[{"href":"https:\/\/tvbrazilusa.com\/pt\/wp-json\/wp\/v2\/posts"}],"about":[{"href":"https:\/\/tvbrazilusa.com\/pt\/wp-json\/wp\/v2\/types\/post"}],"author":[{"embeddable":true,"href":"https:\/\/tvbrazilusa.com\/pt\/wp-json\/wp\/v2\/users\/1"}],"replies":[{"embeddable":true,"href":"https:\/\/tvbrazilusa.com\/pt\/wp-json\/wp\/v2\/comments?post=49267"}],"version-history":[{"count":1,"href":"https:\/\/tvbrazilusa.com\/pt\/wp-json\/wp\/v2\/posts\/49267\/revisions"}],"predecessor-version":[{"id":49269,"href":"https:\/\/tvbrazilusa.com\/pt\/wp-json\/wp\/v2\/posts\/49267\/revisions\/49269"}],"wp:featuredmedia":[{"embeddable":true,"href":"https:\/\/tvbrazilusa.com\/pt\/wp-json\/wp\/v2\/media\/49268"}],"wp:attachment":[{"href":"https:\/\/tvbrazilusa.com\/pt\/wp-json\/wp\/v2\/media?parent=49267"}],"wp:term":[{"taxonomy":"category","embeddable":true,"href":"https:\/\/tvbrazilusa.com\/pt\/wp-json\/wp\/v2\/categories?post=49267"},{"taxonomy":"post_tag","embeddable":true,"href":"https:\/\/tvbrazilusa.com\/pt\/wp-json\/wp\/v2\/tags?post=49267"}],"curies":[{"name":"wp","href":"https:\/\/api.w.org\/{rel}","templated":true}]}}