{"id":49289,"date":"2024-10-18T03:10:49","date_gmt":"2024-10-18T03:10:49","guid":{"rendered":"https:\/\/tvbrazilusa.com\/2024\/10\/18\/o-sertanejo-e-a-trilha-sonora-do-fascismo-brasileiro-afirma-pedro-cardoso\/"},"modified":"2024-10-18T03:10:50","modified_gmt":"2024-10-18T03:10:50","slug":"o-sertanejo-e-a-trilha-sonora-do-fascismo-brasileiro-afirma-pedro-cardoso","status":"publish","type":"post","link":"https:\/\/tvbrazilusa.com\/pt\/2024\/10\/18\/o-sertanejo-e-a-trilha-sonora-do-fascismo-brasileiro-afirma-pedro-cardoso\/","title":{"rendered":"&#8216;O sertanejo \u00e9 a trilha sonora do fascismo brasileiro&#8217;, afirma Pedro Cardoso."},"content":{"rendered":"<p> <script async src=\"https:\/\/pagead2.googlesyndication.com\/pagead\/js\/adsbygoogle.js?client=ca-pub-8864793242727901\"\r\n     crossorigin=\"anonymous\"><\/script><br \/>\n<\/p>\n<div id=\"taboola-read-more\" style=\"display:block; width:100%\">\n<p>Durante entrevista \u00e0 R\u00e1dio Bandeirantes, o ator Pedro Cardoso criticou o sertanejo moderno e afirmou que esse g\u00eanero musical representa a ascens\u00e3o do \u201cfascismo\u201d no Brasil.\n<\/p>\n<p>\u201cA m\u00fasica que erroneamente hoje chamam de sertanejo \u00e9, na verdade, uma m\u00fasica urbana financiada pela agricultura brasileira\u201d, afirmou Pedro Cardoso. Ele acrescentou que esse g\u00eanero musical, com temas recorrentes de \u201ctrai\u00e7\u00e3o e masculinidade\u201d, \u00e9 fortemente influenciado pela m\u00fasica country dos Estados Unidos e perdeu suas ra\u00edzes culturais.<\/p>\n<p>Pedro Cardoso argumentou que essa depend\u00eancia cultural norte-americana reflete um fen\u00f4meno mais amplo, impulsionado pelo agroneg\u00f3cio brasileiro. Ele destacou que o sertanejo moderno n\u00e3o representa mais o sert\u00e3o, mas sim uma \u201ctem\u00e1tica completamente mon\u00f3tona e de baix\u00edssima inspira\u00e7\u00e3o\u201d, promovida por uma ind\u00fastria voltada para o lucro.\n<\/p>\n<p>O ator destacou a necessidade de uma maior regionaliza\u00e7\u00e3o das produ\u00e7\u00f5es culturais no Brasil e enfatizou que o sertanejo, tal como \u00e9 conhecido hoje, n\u00e3o reflete mais a diversidade cultural do pa\u00eds. \u201cEssa \u00e9 a m\u00fasica do fascismo brasileiro\u201d, concluiu o artista, ao explicar que a repeti\u00e7\u00e3o de temas como masculinidade e fidelidade feminina contribui para uma vis\u00e3o autorit\u00e1ria do mundo.\n<\/p>\n<p>O ator tamb\u00e9m acredita que a est\u00e9tica dos megashows sertanejos segue o modelo dos grandes eventos norte-americanos, o que evidencia, em sua opini\u00e3o, como a cultura brasileira tem sido moldada por influ\u00eancias estrangeiras. \u201cImportaram o layout do show; a est\u00e9tica perdeu todas as caracter\u00edsticas brasileiras\u201d, comentou.\n<\/p>\n<p>Pedro Cardoso tem hist\u00f3rico de pol\u00eamicas<br \/>Em agosto, Pedro Cardoso disparou cr\u00edticas ao economista Delfim Netto e ao apresentador Silvio Santos, mortos dias antes de suas declara\u00e7\u00f5es. O ator, conhecido por seu trabalho em A Grande Fam\u00edlia, afirmou que \u00e9 justo que a dor dos familiares seja respeitada, mas diz que ambos foram \u201cabusadores do Brasil que serviram \u00e0 ditadura militar\u201d.\n<\/p>\n<p>Pedro Cardoso aproveitou seu desabafo para criticar Elon Musk, empres\u00e1rio bilion\u00e1rio respons\u00e1vel por administrar o Twitter\/X. \u201cElon, outro soldado do autoritarismo, revoltadinho com a soberania brasileira do STF, faz teatro de que se vai\u201d, escreveu o ator, em refer\u00eancia \u00e0 retirada da administra\u00e7\u00e3o da rede social do Brasil por discord\u00e2ncia com o Supremo Tribunal Federal.\n<\/p>\n<p>Meses antes, em fevereiro deste ano, Cardoso se queixou de ter sido \u201capagado\u201d da hist\u00f3ria da TV Globo, onde trabalhou por 26 anos. Ele criticou a escolha de uma imagem que teria aparecido no servi\u00e7o de streaming Globoplay, em que ele \u00e9 cortado do cartaz da s\u00e9rie.\n<\/p>\n<p>\u201cMe insurjo contra a ilegalidade legalizada do direito autoral desde o meu primeiro dia na profiss\u00e3o e acumulo derrotas\u201d, disse o ator. \u201cO apagamento da minha figura no cartaz promocional de A Grande Fam\u00edlia n\u00e3o \u00e9 acidental, \u00e9 determina\u00e7\u00e3o de me apagar da hist\u00f3ria.\u201d\n<\/p>\n<p>\u201cA imprensa cultural do Brasil se dedica mais \u00e0 fofoca dos \u2018famosos\u2019 e suas vidas particulares do que a assuntos consequentes da vida cultural\u201d, disse Pedro Cardoso. \u201cFaz dinheiro mais f\u00e1cil falar sobre coisa alguma do que sobre a realidade do pa\u00eds.\u201d\n<\/p>\n<p>Depois das reclama\u00e7\u00f5es feitas por Pedro Cardoso, a emissora substituiu a foto ilustrativa de A Grande Fam\u00edlia e manteve apenas Marco Nanini e Marieta Severo, protagonistas da s\u00e9rie.\n<\/p>\n<p>Fonte: Revista Oeste <\/p>\n<\/div>\n<p><br \/>\n<br \/><a href=\"https:\/\/diariodobrasilnoticias.com.br\/noticia\/-o-sertanejo-e-a-trilha-sonora-do-fascismo-brasileiro-afirma-pedro-cardoso-671194d3b5fd8\">Source link <\/a><\/p>","protected":false},"excerpt":{"rendered":"<p>Durante entrevista \u00e0 R\u00e1dio Bandeirantes, o ator Pedro Cardoso criticou o sertanejo moderno e afirmou que esse g\u00eanero musical representa a ascens\u00e3o do \u201cfascismo\u201d no Brasil. \u201cA m\u00fasica que erroneamente&hellip;<\/p>","protected":false},"author":1,"featured_media":49290,"comment_status":"closed","ping_status":"open","sticky":false,"template":"","format":"standard","meta":{"content-type":"","footnotes":""},"categories":[16],"tags":[123,2448,5313,1267],"class_list":["post-49289","post","type-post","status-publish","format-standard","has-post-thumbnail","hentry","category-noticias","tag-brasil","tag-diario","tag-noticia","tag-noticias"],"_links":{"self":[{"href":"https:\/\/tvbrazilusa.com\/pt\/wp-json\/wp\/v2\/posts\/49289","targetHints":{"allow":["GET"]}}],"collection":[{"href":"https:\/\/tvbrazilusa.com\/pt\/wp-json\/wp\/v2\/posts"}],"about":[{"href":"https:\/\/tvbrazilusa.com\/pt\/wp-json\/wp\/v2\/types\/post"}],"author":[{"embeddable":true,"href":"https:\/\/tvbrazilusa.com\/pt\/wp-json\/wp\/v2\/users\/1"}],"replies":[{"embeddable":true,"href":"https:\/\/tvbrazilusa.com\/pt\/wp-json\/wp\/v2\/comments?post=49289"}],"version-history":[{"count":1,"href":"https:\/\/tvbrazilusa.com\/pt\/wp-json\/wp\/v2\/posts\/49289\/revisions"}],"predecessor-version":[{"id":49291,"href":"https:\/\/tvbrazilusa.com\/pt\/wp-json\/wp\/v2\/posts\/49289\/revisions\/49291"}],"wp:featuredmedia":[{"embeddable":true,"href":"https:\/\/tvbrazilusa.com\/pt\/wp-json\/wp\/v2\/media\/49290"}],"wp:attachment":[{"href":"https:\/\/tvbrazilusa.com\/pt\/wp-json\/wp\/v2\/media?parent=49289"}],"wp:term":[{"taxonomy":"category","embeddable":true,"href":"https:\/\/tvbrazilusa.com\/pt\/wp-json\/wp\/v2\/categories?post=49289"},{"taxonomy":"post_tag","embeddable":true,"href":"https:\/\/tvbrazilusa.com\/pt\/wp-json\/wp\/v2\/tags?post=49289"}],"curies":[{"name":"wp","href":"https:\/\/api.w.org\/{rel}","templated":true}]}}