{"id":4931,"date":"2024-07-21T10:40:15","date_gmt":"2024-07-21T10:40:15","guid":{"rendered":"https:\/\/tvbrazilusa.com\/2024\/07\/21\/netanyahu-agradece-milei-apos-argentina-declarar-hamas-como-organizacao-terrorista-internacional\/"},"modified":"2024-07-21T10:44:00","modified_gmt":"2024-07-21T10:44:00","slug":"netanyahu-agradece-milei-apos-argentina-declarar-hamas-como-organizacao-terrorista-internacional","status":"publish","type":"post","link":"https:\/\/tvbrazilusa.com\/pt\/2024\/07\/21\/netanyahu-agradece-milei-apos-argentina-declarar-hamas-como-organizacao-terrorista-internacional\/","title":{"rendered":"Netanyahu agradece Milei ap\u00f3s Argentina declarar Hamas como organiza\u00e7\u00e3o terrorista internacional"},"content":{"rendered":"<p> <script async src=\"https:\/\/pagead2.googlesyndication.com\/pagead\/js\/adsbygoogle.js?client=ca-pub-8864793242727901\"\r\n     crossorigin=\"anonymous\"><\/script><br \/>\n<\/p>\n<div>\n<p>Foto: Reprodu\u00e7\u00e3o.<\/p>\n<p>A recente decis\u00e3o do presidente argentino Javier Milei de classificar o Hamas como uma organiza\u00e7\u00e3o terrorista repercutiu internacionalmente. Neste domingo, o primeiro-ministro de Israel, Benjamin Netanyahu, expressou publicamente seu agradecimento atrav\u00e9s de uma mensagem dirigida a Milei e ao povo argentino, destacando o gesto como um s\u00edmbolo de amizade e compromisso com a verdade.<\/p>\n<p>A Argentina, ao fazer essa declara\u00e7\u00e3o oficial, alinha-se a uma perspectiva global contra o radicalismo, baseando sua decis\u00e3o nos ataques perpetrados pelo Hamas, inclusive aqueles que teriam conex\u00f5es com a Rep\u00fablica Isl\u00e2mica do Ir\u00e3, segundo informa\u00e7\u00f5es do Tribunal Federal de Cassa\u00e7\u00e3o Penal. Esses ataques incluem os tr\u00e1gicos eventos contra a Embaixada de Israel e a Associa\u00e7\u00e3o Mutual Israelita Argentina (AMIA) em Buenos Aires, que deixaram um saldo de mais de 100 v\u00edtimas argentinas.<\/p>\n<h2 class=\"wp-block-heading\">O que significa a decis\u00e3o da Argentina no contexto internacional?<\/h2>\n<p>Ao designar o Hamas como uma organiza\u00e7\u00e3o terrorista, a Argentina n\u00e3o apenas reitera sua posi\u00e7\u00e3o no combate ao terrorismo, mas tamb\u00e9m enfatiza seu respeito pelos direitos individuais e suas institui\u00e7\u00f5es. Este movimento reflete o compromisso cont\u00ednuo do pa\u00eds com os valores da civiliza\u00e7\u00e3o ocidental e seu apoio incondicional a Israel.<\/p>\n<h2 class=\"wp-block-heading\">Os detalhes por tr\u00e1s da classifica\u00e7\u00e3o<\/h2>\n<p>O an\u00fancio foi feito ap\u00f3s um ataque executado pelo Hamas em 7 de outubro de 2023, que resultou em um n\u00famero alarmante de v\u00edtimas israelenses e deslocados na Faixa de Gaza. Essa ofensiva violenta contribuiu significativamente para a decis\u00e3o argentina, colocando em perspectiva a amea\u00e7a que o Hamas representa n\u00e3o apenas para Israel, mas para a seguran\u00e7a global.<\/p>\n<h2 class=\"wp-block-heading\">Repercuss\u00f5es da decis\u00e3o argentina para a comunidade internacional<\/h2>\n<p>Com essa postura firme, a Argentina refor\u00e7a sua posi\u00e7\u00e3o estrat\u00e9gica no cen\u00e1rio internacional como um pa\u00eds que repudia as a\u00e7\u00f5es de terror e fomenta pol\u00edticas de apoio m\u00fatuo com na\u00e7\u00f5es que priorizam a paz e a seguran\u00e7a mundial. Esta pol\u00edtica externa pode impulsionar ainda mais as rela\u00e7\u00f5es diplom\u00e1ticas entre Argentina e Israel, intensificando esfor\u00e7os conjuntos em defesa da estabilidade regional e mundial.<\/p>\n<p>A declara\u00e7\u00e3o de Javier Milei n\u00e3o apenas simboliza um forte gesto pol\u00edtico, mas tamb\u00e9m reafirma a solidariedade argentina para com as v\u00edtimas do terrorismo e seu compromisso inequ\u00edvoco com a luta contra organiza\u00e7\u00f5es que amea\u00e7am a paz e a democracia. Esse posicionamento fortalecido promete uma nova era de parcerias estrat\u00e9gicas entre Argentina e Israel, consolidando ainda mais os la\u00e7os entre essas na\u00e7\u00f5es no confronto a adversidades globais.<\/p>\n<\/p><\/div>\n<p><br \/>\n<br \/><a href=\"https:\/\/terrabrasilnoticias.com\/2024\/07\/netanyahu-agradece-milei-apos-argentina-declarar-hamas-como-organizacao-terrorista-internacional\/\">Source link <\/a><\/p>","protected":false},"excerpt":{"rendered":"<p>Foto: Reprodu\u00e7\u00e3o. A recente decis\u00e3o do presidente argentino Javier Milei de classificar o Hamas como uma organiza\u00e7\u00e3o terrorista repercutiu internacionalmente. Neste domingo, o primeiro-ministro de Israel, Benjamin Netanyahu, expressou publicamente&hellip;<\/p>","protected":false},"author":1,"featured_media":4932,"comment_status":"closed","ping_status":"open","sticky":false,"template":"","format":"standard","meta":{"content-type":"","footnotes":""},"categories":[16],"tags":[],"class_list":["post-4931","post","type-post","status-publish","format-standard","has-post-thumbnail","hentry","category-noticias"],"_links":{"self":[{"href":"https:\/\/tvbrazilusa.com\/pt\/wp-json\/wp\/v2\/posts\/4931","targetHints":{"allow":["GET"]}}],"collection":[{"href":"https:\/\/tvbrazilusa.com\/pt\/wp-json\/wp\/v2\/posts"}],"about":[{"href":"https:\/\/tvbrazilusa.com\/pt\/wp-json\/wp\/v2\/types\/post"}],"author":[{"embeddable":true,"href":"https:\/\/tvbrazilusa.com\/pt\/wp-json\/wp\/v2\/users\/1"}],"replies":[{"embeddable":true,"href":"https:\/\/tvbrazilusa.com\/pt\/wp-json\/wp\/v2\/comments?post=4931"}],"version-history":[{"count":1,"href":"https:\/\/tvbrazilusa.com\/pt\/wp-json\/wp\/v2\/posts\/4931\/revisions"}],"predecessor-version":[{"id":4933,"href":"https:\/\/tvbrazilusa.com\/pt\/wp-json\/wp\/v2\/posts\/4931\/revisions\/4933"}],"wp:featuredmedia":[{"embeddable":true,"href":"https:\/\/tvbrazilusa.com\/pt\/wp-json\/wp\/v2\/media\/4932"}],"wp:attachment":[{"href":"https:\/\/tvbrazilusa.com\/pt\/wp-json\/wp\/v2\/media?parent=4931"}],"wp:term":[{"taxonomy":"category","embeddable":true,"href":"https:\/\/tvbrazilusa.com\/pt\/wp-json\/wp\/v2\/categories?post=4931"},{"taxonomy":"post_tag","embeddable":true,"href":"https:\/\/tvbrazilusa.com\/pt\/wp-json\/wp\/v2\/tags?post=4931"}],"curies":[{"name":"wp","href":"https:\/\/api.w.org\/{rel}","templated":true}]}}