{"id":49350,"date":"2024-10-18T10:36:12","date_gmt":"2024-10-18T10:36:12","guid":{"rendered":"https:\/\/tvbrazilusa.com\/2024\/10\/18\/lula-afirma-em-comicio-que-ninguem-foi-mais-de-esquerda-do-que-jesus-cristo\/"},"modified":"2024-10-18T10:36:13","modified_gmt":"2024-10-18T10:36:13","slug":"lula-afirma-em-comicio-que-ninguem-foi-mais-de-esquerda-do-que-jesus-cristo","status":"publish","type":"post","link":"https:\/\/tvbrazilusa.com\/pt\/2024\/10\/18\/lula-afirma-em-comicio-que-ninguem-foi-mais-de-esquerda-do-que-jesus-cristo\/","title":{"rendered":"Lula afirma em com\u00edcio que &#8216;ningu\u00e9m foi mais de esquerda do que Jesus Cristo&#8217;"},"content":{"rendered":"<p> <script async src=\"https:\/\/pagead2.googlesyndication.com\/pagead\/js\/adsbygoogle.js?client=ca-pub-8864793242727901\"\r\n     crossorigin=\"anonymous\"><\/script><br \/>\n<\/p>\n<div id=\"taboola-read-more\" style=\"display:block; width:100%\">\n<p>O presidente Luiz In\u00e1cio Lula da Silva (PT) afirmou que \u201cningu\u00e9m foi mais de esquerda que Jesus Cristo\u201d. O novo aceno aos crist\u00e3os ocorreu na noite desta quinta-feira (17) durante com\u00edcio em apoio ao candidato petista, Luiz Caetano, e sua vice, Pastora D\u00e9a (PSB), em Cama\u00e7ari (BA).\n<\/p>\n<p>\u201cEu fico muito orgulhoso de ver o Caetano arrumar uma vice, uma mulher negra, uma pastora. N\u00e3o tem nada mais extraordin\u00e1rio do que essa uni\u00e3o de dois partidos de esquerda. A gente n\u00e3o tem medo de dizer que a gente \u00e9 de esquerda, porque ningu\u00e9m foi mais de esquerda do que Jesus Cristo. Ningu\u00e9m\u201d, refor\u00e7ou.<\/p>\n<p>Lula tem aproveitado as agendas oficiais para participar de mais atos de campanha de aliados. Caetano \u00e9 ex-prefeito do munic\u00edpio e disputa o segundo turno contra Fl\u00e1vio Matos (Uni\u00e3o).\n<\/p>\n<p>Al\u00e9m disso, intensificou as tentativas de aproxima\u00e7\u00e3o com eleitores evang\u00e9licos. No \u00faltimo dia 15, o petista sancionou a lei que estabelece o Dia da M\u00fasica Gospel em uma cerim\u00f4nia no Planalto com a presen\u00e7a de pol\u00edticos que representam o segmento.\n<\/p>\n<p>Durante o discurso, Lula disse que os \u201cricos\u201d mandaram crucificar Jesus e ressaltou que \u201cnenhum granfino\u201d cuidar\u00e1 da popula\u00e7\u00e3o.\n<\/p>\n<p>\u201cNingu\u00e9m brigou mais pelos pobres que Jesus Cristo. \u00c9 exatamente por brigar pelos pobres, de cuidar dos doentes, de atender os mais necessitados que os ricos da \u00e9poca mandaram crucificar Jesus Cristo. N\u00e3o podemos esquecer isso, porque \u00e9 n\u00e3o \u00e9 nenhum granfino que vai cuidar de voc\u00eas\u201d, enfatizou.\n<\/p>\n<p><strong>Lula diz que Bolsonaro \u201cn\u00e3o acredita em Deus\u201d<\/strong><br \/>O petista disse que o ex-presidente Jair Bolsonaro (PL) \u201cinventou que \u00e9 evang\u00e9lico\u201d para vencer as elei\u00e7\u00f5es de 2018. Para Lula, Bolsonaro \u201cn\u00e3o acredita em Deus\u201d e foi eleito para \u201cdestilar \u00f3dio no cora\u00e7\u00e3o de milh\u00f5es de pessoas de boa-f\u00e9 que acreditaram em suas mentiras\u201d.\n<\/p>\n<p>\u201cA gente n\u00e3o pode cometer o erro de 2018, quando ao inv\u00e9s de votar no companheiro com a qualidade do [Fernando] Haddad, votou numa coisa, votou numa coisa que ningu\u00e9m conhecia a n\u00e3o ser por contar mentiras e pregar o \u00f3dio\u201d, apontou o presidente.\n<\/p>\n<p>\u201cInventou at\u00e9 ser evang\u00e9lico. Ele n\u00e3o acredita em Deus e n\u00e3o acredita em Deus porque o comportamento dele \u00e9 de quem n\u00e3o acredita\u201d, acrescentou.\n<\/p>\n<p><strong>\u201cMachos do pa\u00eds\u201d tiraram Dilma da presid\u00eancia<\/strong><br \/>No in\u00edcio do discurso, Lula lembrou do processo de impeachment enfrentado pela presidente Dilma Rousseff (PT) em 2016. Ele destacou que Dilma foi alvo dos \u201cmachos do pa\u00eds\u201d que n\u00e3o aceitavam uma mulher na presid\u00eancia.\n<\/p>\n<p>&#8220;Eu entreguei a presid\u00eancia da Rep\u00fablica a uma companheira mulher pela primeira vez na hist\u00f3ria desse pa\u00eds. E pelo fato de uma mulher ter governado, que foi a companheira Dilma, os machos desse pa\u00eds, n\u00e3o tendo respeito por uma mulher que \u2013 quando menina de 20 anos de idade, foi presa e torturada [durante a ditadura militar], com choque em tudo que \u00e9 lugar \u2013, essa mulher assumiu a presid\u00eancia da Rep\u00fablica para dar continuidade ao governo que n\u00f3s v\u00ednhamos fazendo\u201d, afirmou.\n<\/p>\n<p>\u201cEles n\u00e3o s\u00f3 fizeram o impeachment da Dilma, depois de uma mentira inventada, como eles inventaram a Lava Jato para me tirar da disputa eleitoral\u201d, completou o mandat\u00e1rio.\n<\/p>\n<p>Fonte: Gazeta do Povo <\/p>\n<\/div>\n<p><br \/>\n<br \/><a href=\"https:\/\/diariodobrasilnoticias.com.br\/noticia\/lula-afirma-em-comicio-que-ninguem-foi-mais-de-esquerda-do-que-jesus-cristo-6712388272414\">Source link <\/a><\/p>","protected":false},"excerpt":{"rendered":"<p>O presidente Luiz In\u00e1cio Lula da Silva (PT) afirmou que \u201cningu\u00e9m foi mais de esquerda que Jesus Cristo\u201d. O novo aceno aos crist\u00e3os ocorreu na noite desta quinta-feira (17) durante&hellip;<\/p>","protected":false},"author":1,"featured_media":49351,"comment_status":"closed","ping_status":"open","sticky":false,"template":"","format":"standard","meta":{"content-type":"","footnotes":""},"categories":[16],"tags":[123,2448,5313,1267],"class_list":["post-49350","post","type-post","status-publish","format-standard","has-post-thumbnail","hentry","category-noticias","tag-brasil","tag-diario","tag-noticia","tag-noticias"],"_links":{"self":[{"href":"https:\/\/tvbrazilusa.com\/pt\/wp-json\/wp\/v2\/posts\/49350","targetHints":{"allow":["GET"]}}],"collection":[{"href":"https:\/\/tvbrazilusa.com\/pt\/wp-json\/wp\/v2\/posts"}],"about":[{"href":"https:\/\/tvbrazilusa.com\/pt\/wp-json\/wp\/v2\/types\/post"}],"author":[{"embeddable":true,"href":"https:\/\/tvbrazilusa.com\/pt\/wp-json\/wp\/v2\/users\/1"}],"replies":[{"embeddable":true,"href":"https:\/\/tvbrazilusa.com\/pt\/wp-json\/wp\/v2\/comments?post=49350"}],"version-history":[{"count":1,"href":"https:\/\/tvbrazilusa.com\/pt\/wp-json\/wp\/v2\/posts\/49350\/revisions"}],"predecessor-version":[{"id":49352,"href":"https:\/\/tvbrazilusa.com\/pt\/wp-json\/wp\/v2\/posts\/49350\/revisions\/49352"}],"wp:featuredmedia":[{"embeddable":true,"href":"https:\/\/tvbrazilusa.com\/pt\/wp-json\/wp\/v2\/media\/49351"}],"wp:attachment":[{"href":"https:\/\/tvbrazilusa.com\/pt\/wp-json\/wp\/v2\/media?parent=49350"}],"wp:term":[{"taxonomy":"category","embeddable":true,"href":"https:\/\/tvbrazilusa.com\/pt\/wp-json\/wp\/v2\/categories?post=49350"},{"taxonomy":"post_tag","embeddable":true,"href":"https:\/\/tvbrazilusa.com\/pt\/wp-json\/wp\/v2\/tags?post=49350"}],"curies":[{"name":"wp","href":"https:\/\/api.w.org\/{rel}","templated":true}]}}