{"id":4937,"date":"2024-07-21T10:50:41","date_gmt":"2024-07-21T10:50:41","guid":{"rendered":"https:\/\/tvbrazilusa.com\/2024\/07\/21\/relembre-a-proibicao-da-anvisa-contra-3-marcas-populares-de-carne-frango-e-salsicha-por-contaminacao-de-bacteria-mortal\/"},"modified":"2024-07-21T10:58:21","modified_gmt":"2024-07-21T10:58:21","slug":"relembre-a-proibicao-da-anvisa-contra-3-marcas-populares-de-carne-frango-e-salsicha-por-contaminacao-de-bacteria-mortal","status":"publish","type":"post","link":"https:\/\/tvbrazilusa.com\/pt\/2024\/07\/21\/relembre-a-proibicao-da-anvisa-contra-3-marcas-populares-de-carne-frango-e-salsicha-por-contaminacao-de-bacteria-mortal\/","title":{"rendered":"Relembre a proibi\u00e7\u00e3o da Anvisa contra 3 marcas populares de carne, frango e salsicha por contamina\u00e7\u00e3o de bact\u00e9ria mortal"},"content":{"rendered":"<p> <script async src=\"https:\/\/pagead2.googlesyndication.com\/pagead\/js\/adsbygoogle.js?client=ca-pub-8864793242727901\"\r\n     crossorigin=\"anonymous\"><\/script><br \/>\n<\/p>\n<div>\n<p>Foto: Reprodu\u00e7\u00e3o.<\/p>\n<p>O trabalho da Anvisa (Ag\u00eancia Nacional de Vigil\u00e2ncia Sanit\u00e1ria) \u00e9 constantemente observado no Brasil, principalmente quando se refere \u00e0 garantia de seguran\u00e7a e qualidade em alimentos consumidos amplamente pela popula\u00e7\u00e3o. Recentemente, a atua\u00e7\u00e3o deste \u00f3rg\u00e3o se fez notar com o embargo de produtos que n\u00e3o estavam de acordo com os par\u00e2metros legais, o que gerou grande repercuss\u00e3o entre os consumidores.<\/p>\n<p>Os casos envolveram tr\u00eas marcas populares que tiveram lotes recolhidos do mercado. Esse tipo de medida, embora seja uma a\u00e7\u00e3o preventiva e necess\u00e1ria, sempre acaba gerando preocupa\u00e7\u00f5es sobre a confiabilidade dos alimentos disponibilizados nos pontos de venda. As empresas impactadas trabalham agora para reinstalar a confian\u00e7a e garantir que suas opera\u00e7\u00f5es atendam \u00e0s normas impostas.<\/p>\n<p>Um dos casos not\u00e1veis foi o da marca Nalin, que teve que recolher um lote de salsichas Viena com alho devido a uma contamina\u00e7\u00e3o microbiol\u00f3gica detectada. Esse evento ocorreu ap\u00f3s um comunicado de recolimento volunt\u00e1rio da pr\u00f3pria empresa, e envolveu o lote N130623, fabricado em 13 de junho de 2023. A medida foi essencial para prevenir potenciais riscos \u00e0 sa\u00fade dos consumidores.<\/p>\n<figure class=\"wp-block-image size-full\"><picture decoding=\"async\" class=\"wp-image-158750\"><source type=\"image\/webp\" srcset=\"https:\/\/terrabrasilnoticias.com\/wp-content\/uploads\/2024\/07\/image-638.png.webp 966w, https:\/\/terrabrasilnoticias.com\/wp-content\/uploads\/2024\/07\/image-638-300x150.png.webp 300w, https:\/\/terrabrasilnoticias.com\/wp-content\/uploads\/2024\/07\/image-638-768x384.png.webp 768w, https:\/\/terrabrasilnoticias.com\/wp-content\/uploads\/2024\/07\/image-638-360x180.png.webp 360w, https:\/\/terrabrasilnoticias.com\/wp-content\/uploads\/2024\/07\/image-638-750x375.png.webp 750w\" sizes=\"(max-width: 966px) 100vw, 966px\"\/><\/picture>\n<\/figure>\n<h2 class=\"wp-block-heading\"\/>\n<p>Outro evento relevante aconteceu com a marca Ave Nova, que teve de parar a distribui\u00e7\u00e3o do lote (284-2) de seu produto F\u00edgado de frango congelado. O produto, com prazo de validade at\u00e9 05 de dezembro de 2024, foi retirado do mercado devido \u00e0 detec\u00e7\u00e3o de Escherichia coli em n\u00edveis elevados, ultrapassando os limites regulamentares. Essa situa\u00e7\u00e3o ressalta a import\u00e2ncia do controle de qualidade efetivo e constante para evitar a distribui\u00e7\u00e3o de produtos que possam comprometer a sa\u00fade.<\/p>\n<figure class=\"wp-block-image size-full\"><picture decoding=\"async\" class=\"wp-image-158751\"><source type=\"image\/webp\" srcset=\"https:\/\/terrabrasilnoticias.com\/wp-content\/uploads\/2024\/07\/image-639.png.webp 1000w, https:\/\/terrabrasilnoticias.com\/wp-content\/uploads\/2024\/07\/image-639-300x300.png.webp 300w, https:\/\/terrabrasilnoticias.com\/wp-content\/uploads\/2024\/07\/image-639-150x150.png.webp 150w, https:\/\/terrabrasilnoticias.com\/wp-content\/uploads\/2024\/07\/image-639-768x768.png.webp 768w, https:\/\/terrabrasilnoticias.com\/wp-content\/uploads\/2024\/07\/image-639-75x75.png.webp 75w, https:\/\/terrabrasilnoticias.com\/wp-content\/uploads\/2024\/07\/image-639-350x350.png.webp 350w, https:\/\/terrabrasilnoticias.com\/wp-content\/uploads\/2024\/07\/image-639-750x750.png.webp 750w\" sizes=\"(max-width: 1000px) 100vw, 1000px\"\/><img fetchpriority=\"high\" decoding=\"async\" width=\"1000\" height=\"1000\" src=\"https:\/\/terrabrasilnoticias.com\/wp-content\/uploads\/2024\/07\/image-639.png\" alt=\"\" srcset=\"https:\/\/terrabrasilnoticias.com\/wp-content\/uploads\/2024\/07\/image-639.png 1000w, https:\/\/terrabrasilnoticias.com\/wp-content\/uploads\/2024\/07\/image-639-300x300.png 300w, https:\/\/terrabrasilnoticias.com\/wp-content\/uploads\/2024\/07\/image-639-150x150.png 150w, https:\/\/terrabrasilnoticias.com\/wp-content\/uploads\/2024\/07\/image-639-768x768.png 768w, https:\/\/terrabrasilnoticias.com\/wp-content\/uploads\/2024\/07\/image-639-75x75.png 75w, https:\/\/terrabrasilnoticias.com\/wp-content\/uploads\/2024\/07\/image-639-350x350.png 350w, https:\/\/terrabrasilnoticias.com\/wp-content\/uploads\/2024\/07\/image-639-750x750.png 750w\" sizes=\"(max-width: 1000px) 100vw, 1000px\"\/>\n<\/picture>\n<\/figure>\n<h2 class=\"wp-block-heading\">O que isso significa para os consumidores?<\/h2>\n<p>Essas a\u00e7\u00f5es, embora possam parecer alarmantes inicialmente, s\u00e3o indicativos de que o sistema de vigil\u00e2ncia est\u00e1 funcionando como deveria. O compromisso da Anvisa com a sa\u00fade p\u00fablica fica ainda mais claro quando se v\u00ea a rapidez e efici\u00eancia do \u00f3rg\u00e3o em garantir que alimentos possivelmente prejudiciais sejam retirados do consumo. Apesar dos inconvenientes causados, essas iniciativas s\u00e3o essenciais para prevenir problemas de sa\u00fade mais graves.<\/p>\n<p>Al\u00e9m dos casos espec\u00edficos de 2024, a proibi\u00e7\u00e3o de todos os lotes de Produtos C\u00e1rneos Congelados da marca Rei das Carnes Gourmet, em 2023, tamb\u00e9m por quest\u00f5es ligadas \u00e0 incoer\u00eancia de informa\u00e7\u00f5es na rotulagem e condi\u00e7\u00f5es higi\u00eanico-sanit\u00e1rias desconhecidas, mostra o papel crucial desempenhado pela Anvisa na supervis\u00e3o do mercado aliment\u00edcio.<\/p>\n<figure class=\"wp-block-image size-full\"><picture loading=\"lazy\" decoding=\"async\" class=\"wp-image-158752\"><source type=\"image\/webp\" srcset=\"https:\/\/terrabrasilnoticias.com\/wp-content\/uploads\/2024\/07\/image-640.png.webp 654w, https:\/\/terrabrasilnoticias.com\/wp-content\/uploads\/2024\/07\/image-640-300x272.png.webp 300w\" sizes=\"(max-width: 654px) 100vw, 654px\"\/><img loading=\"lazy\" decoding=\"async\" width=\"654\" height=\"592\" src=\"https:\/\/terrabrasilnoticias.com\/wp-content\/uploads\/2024\/07\/image-640.png\" alt=\"\" srcset=\"https:\/\/terrabrasilnoticias.com\/wp-content\/uploads\/2024\/07\/image-640.png 654w, https:\/\/terrabrasilnoticias.com\/wp-content\/uploads\/2024\/07\/image-640-300x272.png 300w\" sizes=\"auto, (max-width: 654px) 100vw, 654px\"\/>\n<\/picture>\n<\/figure>\n<p>Enquanto consumidores, \u00e9 vital permanecer informado sobre esses comunicados e entender que, por tr\u00e1s de cada produto retirado do mercado, h\u00e1 um esfor\u00e7o claro para proteger a nossa sa\u00fade. Essas medidas garantem que possamos confiar nos alimentos que chegam \u00e0s nossas mesas, sabendo que passaram por um rigoroso controle de qualidade supervisionado pela Anvisa.<\/p>\n<\/p><\/div>\n<p><br \/>\n<br \/><a href=\"https:\/\/terrabrasilnoticias.com\/2024\/07\/relembre-a-proibicao-da-anvisa-contra-3-marcas-populares-de-carne-frango-e-salsicha-por-contaminacao-de-bacteria-mortal\/\">Source link <\/a><\/p>","protected":false},"excerpt":{"rendered":"<p>Foto: Reprodu\u00e7\u00e3o. O trabalho da Anvisa (Ag\u00eancia Nacional de Vigil\u00e2ncia Sanit\u00e1ria) \u00e9 constantemente observado no Brasil, principalmente quando se refere \u00e0 garantia de seguran\u00e7a e qualidade em alimentos consumidos amplamente&hellip;<\/p>","protected":false},"author":1,"featured_media":4938,"comment_status":"closed","ping_status":"open","sticky":false,"template":"","format":"standard","meta":{"content-type":"","footnotes":""},"categories":[16],"tags":[],"class_list":["post-4937","post","type-post","status-publish","format-standard","has-post-thumbnail","hentry","category-noticias"],"_links":{"self":[{"href":"https:\/\/tvbrazilusa.com\/pt\/wp-json\/wp\/v2\/posts\/4937","targetHints":{"allow":["GET"]}}],"collection":[{"href":"https:\/\/tvbrazilusa.com\/pt\/wp-json\/wp\/v2\/posts"}],"about":[{"href":"https:\/\/tvbrazilusa.com\/pt\/wp-json\/wp\/v2\/types\/post"}],"author":[{"embeddable":true,"href":"https:\/\/tvbrazilusa.com\/pt\/wp-json\/wp\/v2\/users\/1"}],"replies":[{"embeddable":true,"href":"https:\/\/tvbrazilusa.com\/pt\/wp-json\/wp\/v2\/comments?post=4937"}],"version-history":[{"count":1,"href":"https:\/\/tvbrazilusa.com\/pt\/wp-json\/wp\/v2\/posts\/4937\/revisions"}],"predecessor-version":[{"id":4939,"href":"https:\/\/tvbrazilusa.com\/pt\/wp-json\/wp\/v2\/posts\/4937\/revisions\/4939"}],"wp:featuredmedia":[{"embeddable":true,"href":"https:\/\/tvbrazilusa.com\/pt\/wp-json\/wp\/v2\/media\/4938"}],"wp:attachment":[{"href":"https:\/\/tvbrazilusa.com\/pt\/wp-json\/wp\/v2\/media?parent=4937"}],"wp:term":[{"taxonomy":"category","embeddable":true,"href":"https:\/\/tvbrazilusa.com\/pt\/wp-json\/wp\/v2\/categories?post=4937"},{"taxonomy":"post_tag","embeddable":true,"href":"https:\/\/tvbrazilusa.com\/pt\/wp-json\/wp\/v2\/tags?post=4937"}],"curies":[{"name":"wp","href":"https:\/\/api.w.org\/{rel}","templated":true}]}}