{"id":49426,"date":"2024-10-18T14:15:18","date_gmt":"2024-10-18T14:15:18","guid":{"rendered":"https:\/\/tvbrazilusa.com\/2024\/10\/18\/estado-ordenado-a-parar-de-ameacar-emissoras-de-tv-por-causa-de-anuncios-de-aborto-jacksonville-today\/"},"modified":"2024-10-18T14:30:51","modified_gmt":"2024-10-18T14:30:51","slug":"estado-ordenado-a-parar-de-ameacar-emissoras-de-tv-por-causa-de-anuncios-de-aborto-jacksonville-today","status":"publish","type":"post","link":"https:\/\/tvbrazilusa.com\/pt\/2024\/10\/18\/estado-ordenado-a-parar-de-ameacar-emissoras-de-tv-por-causa-de-anuncios-de-aborto-jacksonville-today\/","title":{"rendered":"Estado ordenado a parar de amea\u00e7ar emissoras de TV por causa de an\u00fancios de aborto &#8211; Jacksonville Today"},"content":{"rendered":"<p> <script async src=\"https:\/\/pagead2.googlesyndication.com\/pagead\/js\/adsbygoogle.js?client=ca-pub-8864793242727901\"\r\n     crossorigin=\"anonymous\"><\/script><br \/>\n<\/p>\n<div>\n<p>Usando uma linguagem simples \u2013 \u201c\u00e9 a Primeira Emenda, est\u00fapido\u201d \u2013 um juiz federal na quinta-feira apoiou os defensores da proposta de direito ao aborto da Fl\u00f3rida e ordenou que o departamento de sa\u00fade do estado <a href=\"https:\/\/www.cnn.com\/2024\/10\/08\/media\/florida-tv-abortion-rights-ad-fcc-desantis\/index.html\" rel=\"nofollow noopener\" target=\"_blank\">pare de amea\u00e7ar a emissora de TV<\/a>s que veiculam an\u00fancios promovendo a emenda.<\/p>\n<p>A ordem de restri\u00e7\u00e3o tempor\u00e1ria trata de uma a\u00e7\u00e3o movida contra o estado pelos Floridians Protecting Freedom, um grupo que faz campanha pela Emenda 4, que aparecer\u00e1 na vota\u00e7\u00e3o de 5 de novembro. Essa ordem expira em 29 de outubro, quando est\u00e1 marcada a audi\u00eancia sobre o processo.<\/p>\n<p>A decis\u00e3o contundente do juiz distrital dos EUA, Mark E. Walker, impede o departamento de \u201ctomar quaisquer outras medidas para coagir, amea\u00e7ar ou causar repercuss\u00f5es \u00edntimas\u201d contra as emissoras por veicularem os an\u00fancios ou \u201crealizar a\u00e7\u00f5es coercivas\u201d contra elas.<\/p>\n<p>Ao citar um caso utilizado em sua decis\u00e3o, ele ofereceu um breve resumo:<\/p>\n<p>\u201cPara simplificar para o Estado da Fl\u00f3rida: \u00e9 a Primeira Emenda, est\u00fapido.\u201d<\/p>\n<p>\u201cA propaganda pol\u00edtica \u00e9 um discurso pol\u00edtico \u2013 discurso que est\u00e1 no cerne da Primeira Emenda. O governo n\u00e3o pode desculpar a sua censura indirecta ao discurso pol\u00edtico simplesmente declarando que o discurso desfavorecido \u00e9 &#8216;falso&#8217;\u201d, escreveu Walker, do Tribunal Distrital dos EUA no Distrito Norte da Florida, em Tallahassee.<\/p>\n<p>O processo foi o mais recente de uma s\u00e9rie de disputas legais entre a administra\u00e7\u00e3o DeSantis e os defensores de uma emenda que protegeria o direito ao aborto at\u00e9 a viabilidade fetal. Isso anularia a proibi\u00e7\u00e3o estatal do aborto na maioria dos casos ap\u00f3s as primeiras seis semanas de gravidez.<\/p>\n<p class=\"x-text-content-text-primary\"><a href=\"https:\/\/jaxtoday.org\/2024\/10\/16\/nov-5-voter-guide-florida-amendments\/\">NOV. 5 GUIA DO ELEITOR | Emendas da Fl\u00f3rida<\/a><\/p>\n<p>O comercial, produzido pela Floridians Protecting Freedom, mostra uma mulher de Tampa descrevendo como foi diagnosticada com c\u00e2ncer no c\u00e9rebro quando estava gr\u00e1vida de 20 semanas, antes das restri\u00e7\u00f5es estaduais que teriam bloqueado o aborto que ela recebeu antes do tratamento.<\/p>\n<p>Em 3 de outubro, o departamento de Sa\u00fade, parte da administra\u00e7\u00e3o DeSantis, enviou uma carta de cessa\u00e7\u00e3o e desist\u00eancia a v\u00e1rias emissoras da Fl\u00f3rida, amea\u00e7ando com processo criminal se n\u00e3o parassem de transmitir o comercial.<\/p>\n<p>A carta afirma que o an\u00fancio \u00e9 \u201ccategoricamente falso\u201d porque o aborto pode ser obtido ap\u00f3s seis semanas se for necess\u00e1rio para salvar a vida de uma mulher ou \u201cevitar um risco s\u00e9rio de defici\u00eancia f\u00edsica substancial e irrevers\u00edvel de uma fun\u00e7\u00e3o corporal importante\u201d.<\/p>\n<p>Numa refuta\u00e7\u00e3o, o grupo alegou que a exce\u00e7\u00e3o n\u00e3o teria sido aplicada porque a mulher tinha um diagn\u00f3stico terminal. O aborto n\u00e3o salvou a sua vida, disse o grupo; apenas o estendeu.<\/p>\n<h3>Defensores do aborto processam<\/h3>\n<p>O Floridians Protecting Freedom ent\u00e3o entrou com uma a\u00e7\u00e3o contra o Cirurgi\u00e3o Geral do estado, Dr. Joseph Ladapo, que lidera o departamento, e John Wilson, conselheiro geral do departamento, antes de renunciar na semana passada.<\/p>\n<p>O grupo solicitou uma ordem de restri\u00e7\u00e3o tempor\u00e1ria, alegando que o seu direito \u00e0 liberdade de express\u00e3o estava a ser violado.<\/p>\n<p>Na sua decis\u00e3o, Walker disse que o estado pode defender-se contra a altera\u00e7\u00e3o, mas a Primeira Emenda \u201cpro\u00edbe o Estado da Florida de atropelar a liberdade de express\u00e3o do Requerente\u201d.<\/p>\n<p>Lauren Brenzel, diretora de campanha da Floridians Protecting Freedom, classificou a decis\u00e3o como uma \u201cvit\u00f3ria inicial cr\u00edtica\u201d.<\/p>\n<p>\u201cO tribunal afirmou o que sempre sab\u00edamos: o governo n\u00e3o pode silenciar a verdade sobre a proibi\u00e7\u00e3o extrema do aborto na Florida\u201d, disse Brenzel num comunicado. \u201c\u00c9 uma proibi\u00e7\u00e3o mortal que coloca em risco a vida das mulheres. Esta decis\u00e3o \u00e9 um lembrete poderoso de que os moradores da Fl\u00f3rida n\u00e3o recuar\u00e3o diante da intimida\u00e7\u00e3o do governo.\u201d<\/p>\n<p>Copyright 2024 Health News Fl\u00f3rida<\/p>\n<\/div>\n<p><br \/>\n<br \/><a href=\"https:\/\/jaxtoday.org\/2024\/10\/18\/restraining-order-abortion-ads\/\">Source link <\/a><\/p>","protected":false},"excerpt":{"rendered":"<p>Usando uma linguagem simples \u2013 \u201c\u00e9 a Primeira Emenda, est\u00fapido\u201d \u2013 um juiz federal na quinta-feira apoiou os defensores da proposta de direito ao aborto da Fl\u00f3rida e ordenou que&hellip;<\/p>","protected":false},"author":1,"featured_media":49427,"comment_status":"closed","ping_status":"open","sticky":false,"template":"","format":"standard","meta":{"content-type":"","footnotes":""},"categories":[1],"tags":[2111,28166,1267,1268],"class_list":["post-49426","post","type-post","status-publish","format-standard","has-post-thumbnail","hentry","category-uncategorized","tag-aborto","tag-alteracao-4","tag-noticias","tag-noticias-do-estado"],"_links":{"self":[{"href":"https:\/\/tvbrazilusa.com\/pt\/wp-json\/wp\/v2\/posts\/49426","targetHints":{"allow":["GET"]}}],"collection":[{"href":"https:\/\/tvbrazilusa.com\/pt\/wp-json\/wp\/v2\/posts"}],"about":[{"href":"https:\/\/tvbrazilusa.com\/pt\/wp-json\/wp\/v2\/types\/post"}],"author":[{"embeddable":true,"href":"https:\/\/tvbrazilusa.com\/pt\/wp-json\/wp\/v2\/users\/1"}],"replies":[{"embeddable":true,"href":"https:\/\/tvbrazilusa.com\/pt\/wp-json\/wp\/v2\/comments?post=49426"}],"version-history":[{"count":1,"href":"https:\/\/tvbrazilusa.com\/pt\/wp-json\/wp\/v2\/posts\/49426\/revisions"}],"predecessor-version":[{"id":49428,"href":"https:\/\/tvbrazilusa.com\/pt\/wp-json\/wp\/v2\/posts\/49426\/revisions\/49428"}],"wp:featuredmedia":[{"embeddable":true,"href":"https:\/\/tvbrazilusa.com\/pt\/wp-json\/wp\/v2\/media\/49427"}],"wp:attachment":[{"href":"https:\/\/tvbrazilusa.com\/pt\/wp-json\/wp\/v2\/media?parent=49426"}],"wp:term":[{"taxonomy":"category","embeddable":true,"href":"https:\/\/tvbrazilusa.com\/pt\/wp-json\/wp\/v2\/categories?post=49426"},{"taxonomy":"post_tag","embeddable":true,"href":"https:\/\/tvbrazilusa.com\/pt\/wp-json\/wp\/v2\/tags?post=49426"}],"curies":[{"name":"wp","href":"https:\/\/api.w.org\/{rel}","templated":true}]}}