{"id":49473,"date":"2024-10-18T16:46:00","date_gmt":"2024-10-18T16:46:00","guid":{"rendered":"https:\/\/tvbrazilusa.com\/2024\/10\/18\/paratleta-potiguar-representa-o-brasil-na-mais-importante-competicao-escolar-do-mundo\/"},"modified":"2024-10-18T16:46:02","modified_gmt":"2024-10-18T16:46:02","slug":"paratleta-potiguar-representa-o-brasil-na-mais-importante-competicao-escolar-do-mundo","status":"publish","type":"post","link":"https:\/\/tvbrazilusa.com\/pt\/2024\/10\/18\/paratleta-potiguar-representa-o-brasil-na-mais-importante-competicao-escolar-do-mundo\/","title":{"rendered":"Paratleta potiguar representa o Brasil na mais importante competi\u00e7\u00e3o escolar do mundo"},"content":{"rendered":"<p> <script async src=\"https:\/\/pagead2.googlesyndication.com\/pagead\/js\/adsbygoogle.js?client=ca-pub-8864793242727901\"\r\n     crossorigin=\"anonymous\"><\/script><br \/>\n<\/p>\n<div id=\"taboola-read-more\" style=\"display:block; width:100%\">\n<p>Prematuro extremo, cego total desde o nascimento, Gustavo Ribeiro entrou na nata\u00e7\u00e3o como forma de terapia. A m\u00e3e tamb\u00e9m queria que ele aprendesse a nadar. E o menino que entrou na piscina aos 5 anos, logo mostrou que iria muito al\u00e9m. \u201cUma professora percebeu que ele tinha muita habilidade na pr\u00e1tica da nata\u00e7\u00e3o. Quando ele estava com 12 anos, passamos a encarar o esporte com foco no alto rendimento\u201d, diz Susy Ribeiro, m\u00e3e do atleta. Hoje, a fam\u00edlia e os professores que acompanham Gustavo colhem mais um fruto dessa dedica\u00e7\u00e3o.\n<\/p>\n<p>O paratleta de 16 anos, que integra a sele\u00e7\u00e3o brasileira sub-20 desde o ano passado, se classificou para a Gymnasiade 2024, a maior competi\u00e7\u00e3o estudantil do mundo. A disputa no Bahrein, na \u00c1sia, acontece entre os dias 23 e 31 deste m\u00eas, e vai reunir mais de 5 mil estudantes atletas de mais de 80 pa\u00edses, competindo em 26 modalidades. Gustavo ser\u00e1 o \u00fanico paratleta potiguar da nata\u00e7\u00e3o na competi\u00e7\u00e3o.<\/p>\n<p>\u201cFeliz e grato demais por mais essa oportunidade de representar o Brasil, a Sadef e o IFRN. Vai ser minha primeira competi\u00e7\u00e3o internacional e vou aproveitar ao m\u00e1ximo essa experi\u00eancia. Minha expectativa \u00e9 grande de voltar com bons resultados\u201d, diz o potiguar, que vai nadar tr\u00eas provas: 50m costas, 50m peito e 200m livre.\n<\/p>\n<p>Gustavo \u00e9 aluno do curso t\u00e9cnico integrado de Administra\u00e7\u00e3o no IFRN Natal e concilia as aulas com a rotina puxada de treinos. Inclusive, h\u00e1 menos de um m\u00eas, participou em S\u00e3o Paulo de uma semana de treinamentos de jovens da nata\u00e7\u00e3o, com a sele\u00e7\u00e3o brasileira. \u201cEu acredito que a educa\u00e7\u00e3o e o esporte fazem toda a diferen\u00e7a na forma\u00e7\u00e3o do ser humano. Por isso me dedico tanto aos dois, e n\u00e3o pretendo abrir m\u00e3o de nenhum\u201d, diz o paratleta.\n<\/p>\n<p>Fonte: 96fm <\/p>\n<\/div>\n<p><br \/>\n<br \/><a href=\"https:\/\/diariodobrasilnoticias.com.br\/noticia\/paratleta-potiguar-representa-o-brasil-na-mais-importante-competicao-escolar-do-mundo-671271896b059\">Source link <\/a><\/p>","protected":false},"excerpt":{"rendered":"<p>Prematuro extremo, cego total desde o nascimento, Gustavo Ribeiro entrou na nata\u00e7\u00e3o como forma de terapia. A m\u00e3e tamb\u00e9m queria que ele aprendesse a nadar. E o menino que entrou&hellip;<\/p>","protected":false},"author":1,"featured_media":49474,"comment_status":"closed","ping_status":"open","sticky":false,"template":"","format":"standard","meta":{"content-type":"","footnotes":""},"categories":[16],"tags":[123,2448,5313,1267],"class_list":["post-49473","post","type-post","status-publish","format-standard","has-post-thumbnail","hentry","category-noticias","tag-brasil","tag-diario","tag-noticia","tag-noticias"],"_links":{"self":[{"href":"https:\/\/tvbrazilusa.com\/pt\/wp-json\/wp\/v2\/posts\/49473","targetHints":{"allow":["GET"]}}],"collection":[{"href":"https:\/\/tvbrazilusa.com\/pt\/wp-json\/wp\/v2\/posts"}],"about":[{"href":"https:\/\/tvbrazilusa.com\/pt\/wp-json\/wp\/v2\/types\/post"}],"author":[{"embeddable":true,"href":"https:\/\/tvbrazilusa.com\/pt\/wp-json\/wp\/v2\/users\/1"}],"replies":[{"embeddable":true,"href":"https:\/\/tvbrazilusa.com\/pt\/wp-json\/wp\/v2\/comments?post=49473"}],"version-history":[{"count":1,"href":"https:\/\/tvbrazilusa.com\/pt\/wp-json\/wp\/v2\/posts\/49473\/revisions"}],"predecessor-version":[{"id":49475,"href":"https:\/\/tvbrazilusa.com\/pt\/wp-json\/wp\/v2\/posts\/49473\/revisions\/49475"}],"wp:featuredmedia":[{"embeddable":true,"href":"https:\/\/tvbrazilusa.com\/pt\/wp-json\/wp\/v2\/media\/49474"}],"wp:attachment":[{"href":"https:\/\/tvbrazilusa.com\/pt\/wp-json\/wp\/v2\/media?parent=49473"}],"wp:term":[{"taxonomy":"category","embeddable":true,"href":"https:\/\/tvbrazilusa.com\/pt\/wp-json\/wp\/v2\/categories?post=49473"},{"taxonomy":"post_tag","embeddable":true,"href":"https:\/\/tvbrazilusa.com\/pt\/wp-json\/wp\/v2\/tags?post=49473"}],"curies":[{"name":"wp","href":"https:\/\/api.w.org\/{rel}","templated":true}]}}