{"id":49480,"date":"2024-10-18T16:54:03","date_gmt":"2024-10-18T16:54:03","guid":{"rendered":"https:\/\/tvbrazilusa.com\/2024\/10\/18\/deegan-mantem-comentarios-sobre-campos-de-concentracao-mas-lamenta-ter-causado-dor-jacksonville-today\/"},"modified":"2024-10-18T17:07:21","modified_gmt":"2024-10-18T17:07:21","slug":"deegan-mantem-comentarios-sobre-campos-de-concentracao-mas-lamenta-ter-causado-dor-jacksonville-today","status":"publish","type":"post","link":"https:\/\/tvbrazilusa.com\/pt\/2024\/10\/18\/deegan-mantem-comentarios-sobre-campos-de-concentracao-mas-lamenta-ter-causado-dor-jacksonville-today\/","title":{"rendered":"Deegan mant\u00e9m coment\u00e1rios sobre \u2018campos de concentra\u00e7\u00e3o\u2019, mas lamenta ter causado dor \u2013 Jacksonville Today"},"content":{"rendered":"<p> <script async src=\"https:\/\/pagead2.googlesyndication.com\/pagead\/js\/adsbygoogle.js?client=ca-pub-8864793242727901\"\r\n     crossorigin=\"anonymous\"><\/script><br \/>\n<\/p>\n<div>\n<p>A prefeita Donna Deegan diz que lamenta qualquer dor que causou ao sugerir que Donald Trump quer criar \u201ccampos de concentra\u00e7\u00e3o\u201d para deportar imigrantes ilegais. Mas a prefeita disse na sexta-feira que n\u00e3o se arrepende de condenar os maus-tratos aos imigrantes.<\/p>\n<p>\u201cQualquer pessoa que me conhece, me ouviu falar ou assistiu \u00e0s minhas a\u00e7\u00f5es sabe que eu nunca diminuiria o horror e o horror \u00fanicos que foi o Holocausto\u201d, disse Deegan em comunicado de Londres, onde faz parte de uma delega\u00e7\u00e3o comercial durante os dois jogos da NFL do Jacksonville Jaguars.<\/p>\n<p>\u201cNo entanto, n\u00e3o me arrependo de chamar a aten\u00e7\u00e3o para a desumanidade de tratar os imigrantes, ou qualquer pessoa, como menos que humanos\u201d, afirmou a sua declara\u00e7\u00e3o. \u201cAs inevit\u00e1veis \u200b\u200bviola\u00e7\u00f5es dos direitos humanos que resultariam da pris\u00e3o de pessoas para deporta\u00e7\u00e3o em massa s\u00e3o impens\u00e1veis \u200b\u200be antiamericanas.<\/p>\n<p>\u201cTrabalho muito todos os dias para construir a unidade na nossa cidade e quero o mesmo para o nosso pa\u00eds. Vamos aproveitar esta oportunidade para aprender uns com os outros e continuar a construir uma cidade onde todos sejam valorizados, vistos e ouvidos.\u201d<\/p>\n<p>Os republicanos castigaram Deegan esta semana depois que ela fez coment\u00e1rios sobre Trump <a href=\"https:\/\/x.com\/i\/status\/1846232029379133635\" rel=\"nofollow noopener\" target=\"_blank\">em uma entrevista<\/a> com a Times Radio no Reino Unido.  <\/p>\n<p><a href=\"https:\/\/www.cnn.com\/audio\/podcasts\/5-things\/episodes\/500732ec-a990-11ee-8579-db6233fc1e67\" rel=\"nofollow noopener\" target=\"_blank\">De acordo com a CNN<\/a>Trump disse recentemente que deseja enviar \u201cesquadr\u00f5es de elite da patrulha de fronteira do ICE e policiais federais para ca\u00e7ar, prender e deportar todos os membros de gangues estrangeiros ilegais at\u00e9 que n\u00e3o haja mais nenhum neste pa\u00eds\u201d. <\/p>\n<p>Deegan disse ao entrevistador da Times Radio, John Pienaar, na ter\u00e7a-feira, que a proposta de Trump \u201cn\u00e3o me parece uma coisa muito americana de se fazer\u201d.<\/p>\n<p>\u201cEspero que as pessoas digam &#8216;Sim, temos absolutamente de consertar o sistema de imigra\u00e7\u00e3o falido \u2013 aprovar uma lei de fronteira r\u00edgida&#8217;\u201d, disse Deegan. \u201cMas colocar as pessoas no que realmente equivaleria a uma situa\u00e7\u00e3o do tipo campo de concentra\u00e7\u00e3o, expuls\u00e1-las do pa\u00eds, n\u00e3o me parece ser uma coisa muito americana de se fazer.\u201d<\/p>\n<h3 class=\"wp-block-heading\">Republicanos atacam Deegan<\/h3>\n<p>Os membros republicanos do Conselho Municipal, bem como o ex-presidente Donald Trump, criticaram imediatamente o democrata Deegan pelas declara\u00e7\u00f5es. Os republicanos locais pediram que ela pedisse desculpas.<\/p>\n<p>O membro do Conselho Municipal Mike Gay, por exemplo, emitiu uma declara\u00e7\u00e3o na quarta-feira dizendo que estava \u201cinsultado, desapontado e envergonhado\u201d pelos coment\u00e1rios do prefeito.<\/p>\n<p>\u201cMinha esposa \u00e9 bisneta de um sobrevivente de um campo de concentra\u00e7\u00e3o\u201d, disse ele. \u201cOs campos de concentra\u00e7\u00e3o foram utilizados pelos nazistas para torturar brutalmente e assassinar seres humanos &#8216;inocentes&#8217; que n\u00e3o cometeram nenhum crime. Isto contrasta fortemente com a deporta\u00e7\u00e3o em massa de milh\u00f5es de indiv\u00edduos que, consciente e deliberadamente, cruzaram ilegalmente a nossa fronteira.\u201d<\/p>\n<p>O xerife TK Waters tamb\u00e9m exigiu um pedido de desculpas, dizendo \u201c\u00e9 decepcionante ver nosso prefeito equiparar uma pol\u00edtica de imigra\u00e7\u00e3o de bom senso a uma das atrocidades mais horr\u00edveis do s\u00e9culo XX\u201d. <\/p>\n<p>A secret\u00e1ria de imprensa da campanha de Trump, Karoline Leavitt, emitiu um comunicado dizendo que os coment\u00e1rios de Deegan eram \u201co mesmo tipo de ret\u00f3rica perigosa que levou a duas tentativas de assassinato contra a vida do presidente Trump e dividiu nosso pa\u00eds. Este prefeito sem nome deveria renunciar em desgra\u00e7a por causa deste coment\u00e1rio flagrante.\u201d<\/p>\n<p>Deegan respondeu \u00e0s cr\u00edticas dos republicanos na quarta-feira em <a href=\"https:\/\/jaxtoday.org\/2024\/10\/16\/deegan-concentration-camps\/\">uma declara\u00e7\u00e3o para <em>Jacksonville hoje<\/em><\/a>.<\/p>\n<p>\u201cQuando voc\u00ea chama um grupo de seres humanos de animais e diz que eles est\u00e3o envenenando o sangue do nosso pa\u00eds, e depois promete prend\u00ea-los em campos de deten\u00e7\u00e3o, o que levaria algu\u00e9m a acreditar que seriam tratados humanamente?\u201d Deegan escreveu. \u201cOs inevit\u00e1veis \u200b\u200babusos dos direitos humanos que ocorreriam s\u00e3o antiamericanos e v\u00e3o contra os valores do nosso pa\u00eds.\u201d<\/p>\n<p>O Partido Democrata do Condado de Duval veio em defesa de Deegan, dizendo que ela confrontou a \u201cret\u00f3rica alarmante de Trump sobre os imigrantes e as suas pol\u00edticas de imigra\u00e7\u00e3o\u201d.<\/p>\n<p>\u201cQuando um ex-presidente americano afirma que os imigrantes &#8216;envenenam o sangue do nosso pa\u00eds&#8217;, uma frase que lembra assustadoramente as pr\u00f3prias palavras de Hitler, n\u00e3o podemos desviar o olhar\u201d, afirmou o partido num comunicado.<\/p>\n<p>\u201cPessoas razo\u00e1veis \u200b\u200bentendem onde est\u00e1 o cora\u00e7\u00e3o do prefeito Deegan\u201d, disse o presidente democrata de Duval, Daniel Henry, no comunicado. \u201cAs cr\u00edticas que vemos dos l\u00edderes republicanos s\u00e3o falsas.\u201d<\/p>\n<p>\u201cN\u00e3o se deixe enganar\u201d, dizia o comunicado. \u201cOs l\u00edderes republicanos est\u00e3o iluminando o p\u00fablico com indigna\u00e7\u00e3o fabricada. Ao mesmo tempo que atacam o presidente Deegan com argumentos pol\u00edticos baratos, eles simultaneamente abra\u00e7am o candidato do seu partido e as suas pol\u00edticas discriminat\u00f3rias indefens\u00e1veis.\u201d<\/p>\n<\/div>\n<p><br \/>\n<br \/><a href=\"https:\/\/jaxtoday.org\/2024\/10\/18\/deegan-response-concentration-camps\/\">Source link <\/a><\/p>","protected":false},"excerpt":{"rendered":"<p>A prefeita Donna Deegan diz que lamenta qualquer dor que causou ao sugerir que Donald Trump quer criar \u201ccampos de concentra\u00e7\u00e3o\u201d para deportar imigrantes ilegais. Mas a prefeita disse na&hellip;<\/p>","protected":false},"author":1,"featured_media":7220,"comment_status":"closed","ping_status":"open","sticky":false,"template":"","format":"standard","meta":{"content-type":"","footnotes":""},"categories":[1],"tags":[],"class_list":["post-49480","post","type-post","status-publish","format-standard","has-post-thumbnail","hentry","category-uncategorized"],"_links":{"self":[{"href":"https:\/\/tvbrazilusa.com\/pt\/wp-json\/wp\/v2\/posts\/49480","targetHints":{"allow":["GET"]}}],"collection":[{"href":"https:\/\/tvbrazilusa.com\/pt\/wp-json\/wp\/v2\/posts"}],"about":[{"href":"https:\/\/tvbrazilusa.com\/pt\/wp-json\/wp\/v2\/types\/post"}],"author":[{"embeddable":true,"href":"https:\/\/tvbrazilusa.com\/pt\/wp-json\/wp\/v2\/users\/1"}],"replies":[{"embeddable":true,"href":"https:\/\/tvbrazilusa.com\/pt\/wp-json\/wp\/v2\/comments?post=49480"}],"version-history":[{"count":1,"href":"https:\/\/tvbrazilusa.com\/pt\/wp-json\/wp\/v2\/posts\/49480\/revisions"}],"predecessor-version":[{"id":49481,"href":"https:\/\/tvbrazilusa.com\/pt\/wp-json\/wp\/v2\/posts\/49480\/revisions\/49481"}],"wp:featuredmedia":[{"embeddable":true,"href":"https:\/\/tvbrazilusa.com\/pt\/wp-json\/wp\/v2\/media\/7220"}],"wp:attachment":[{"href":"https:\/\/tvbrazilusa.com\/pt\/wp-json\/wp\/v2\/media?parent=49480"}],"wp:term":[{"taxonomy":"category","embeddable":true,"href":"https:\/\/tvbrazilusa.com\/pt\/wp-json\/wp\/v2\/categories?post=49480"},{"taxonomy":"post_tag","embeddable":true,"href":"https:\/\/tvbrazilusa.com\/pt\/wp-json\/wp\/v2\/tags?post=49480"}],"curies":[{"name":"wp","href":"https:\/\/api.w.org\/{rel}","templated":true}]}}