{"id":49484,"date":"2024-10-18T17:15:30","date_gmt":"2024-10-18T17:15:30","guid":{"rendered":"https:\/\/tvbrazilusa.com\/2024\/10\/18\/pcc-como-a-faccao-mais-influente-do-pais-se-estrutura-forca-tarefa-contra-o-crime-organizado-revela-detalhes\/"},"modified":"2024-10-18T17:15:31","modified_gmt":"2024-10-18T17:15:31","slug":"pcc-como-a-faccao-mais-influente-do-pais-se-estrutura-forca-tarefa-contra-o-crime-organizado-revela-detalhes","status":"publish","type":"post","link":"https:\/\/tvbrazilusa.com\/pt\/2024\/10\/18\/pcc-como-a-faccao-mais-influente-do-pais-se-estrutura-forca-tarefa-contra-o-crime-organizado-revela-detalhes\/","title":{"rendered":"PCC: como a fac\u00e7\u00e3o mais influente do pa\u00eds se estrutura? For\u00e7a-tarefa contra o crime organizado revela detalhes"},"content":{"rendered":"<p> <script async src=\"https:\/\/pagead2.googlesyndication.com\/pagead\/js\/adsbygoogle.js?client=ca-pub-8864793242727901\"\r\n     crossorigin=\"anonymous\"><\/script><br \/>\n<\/p>\n<div id=\"taboola-read-more\" style=\"display:block; width:100%\">\n<p>O Minist\u00e9rio P\u00fablico de S\u00e3o Paulo (MPSP), a Secretaria de Administra\u00e7\u00e3o Penitenci\u00e1ria (SAP-SP), a Pol\u00edcia Civil, Militar e Federal chegaram a um novo entendimento de como o Primeiro Comando da Capital (PCC), a principal organiza\u00e7\u00e3o criminosa do Brasil, se organiza em territ\u00f3rio nacional e internacional.<\/p>\n<p>A explica\u00e7\u00e3o est\u00e1 inclu\u00edda no inqu\u00e9rito policial de cerca de 1300 p\u00e1ginas. A investiga\u00e7\u00e3o, que o SBT News teve acesso, mostra a atua\u00e7\u00e3o do PCC em um esquema de fraude de licita\u00e7\u00f5es com corrup\u00e7\u00e3o de agentes p\u00fablicos, em cidades no estado de S\u00e3o Paulo.<\/p>\n<p>Fundada em 1993, durante uma rebeli\u00e3o no anexo da penitenci\u00e1ria Casa de Cust\u00f3dia de Taubat\u00e9, interior de S\u00e3o Paulo, a fac\u00e7\u00e3o se expandiu ano a ano no territ\u00f3rio brasileiro. Foi somente em 2002 que, Marcos Willian Herbas Camacho, o Marcola, um dos fundadores do PCC, passou a ser considerado a lideran\u00e7a m\u00e1xima na organiza\u00e7\u00e3o, segundo as autoridades.<\/p>\n<p>Na vis\u00e3o das seguran\u00e7as p\u00fablicas, foi a partir de 2006 que a fac\u00e7\u00e3o se profissionalizou \u201ccomo uma verdadeira organiza\u00e7\u00e3o criminosa, com escala\u00e7\u00f5es de hierarquia, fun\u00e7\u00f5es delimitadas, disciplina r\u00edgida, setor jur\u00eddico, corrup\u00e7\u00e3o de autoridades, infiltra\u00e7\u00e3o no meio pol\u00edtico, compartimenta\u00e7\u00e3o de fun\u00e7\u00f5es e informa\u00e7\u00f5es, al\u00e9m da ado\u00e7\u00e3o de modelo empresarial\u201d.\n<\/p>\n<p>Fonte: @sbtnews<\/p>\n<\/p><\/div>\n<p><br \/>\n<br \/><a href=\"https:\/\/diariodobrasilnoticias.com.br\/noticia\/pcc-como-a-faccao-mais-influente-do-pais-se-estrutura-forca-tarefa-contra-o-crime-organizado-revela-detalhes-671272c436532\">Source link <\/a><\/p>","protected":false},"excerpt":{"rendered":"<p>O Minist\u00e9rio P\u00fablico de S\u00e3o Paulo (MPSP), a Secretaria de Administra\u00e7\u00e3o Penitenci\u00e1ria (SAP-SP), a Pol\u00edcia Civil, Militar e Federal chegaram a um novo entendimento de como o Primeiro Comando da&hellip;<\/p>","protected":false},"author":1,"featured_media":49485,"comment_status":"closed","ping_status":"open","sticky":false,"template":"","format":"standard","meta":{"content-type":"","footnotes":""},"categories":[16],"tags":[123,2448,5313,1267],"class_list":["post-49484","post","type-post","status-publish","format-standard","has-post-thumbnail","hentry","category-noticias","tag-brasil","tag-diario","tag-noticia","tag-noticias"],"_links":{"self":[{"href":"https:\/\/tvbrazilusa.com\/pt\/wp-json\/wp\/v2\/posts\/49484","targetHints":{"allow":["GET"]}}],"collection":[{"href":"https:\/\/tvbrazilusa.com\/pt\/wp-json\/wp\/v2\/posts"}],"about":[{"href":"https:\/\/tvbrazilusa.com\/pt\/wp-json\/wp\/v2\/types\/post"}],"author":[{"embeddable":true,"href":"https:\/\/tvbrazilusa.com\/pt\/wp-json\/wp\/v2\/users\/1"}],"replies":[{"embeddable":true,"href":"https:\/\/tvbrazilusa.com\/pt\/wp-json\/wp\/v2\/comments?post=49484"}],"version-history":[{"count":1,"href":"https:\/\/tvbrazilusa.com\/pt\/wp-json\/wp\/v2\/posts\/49484\/revisions"}],"predecessor-version":[{"id":49486,"href":"https:\/\/tvbrazilusa.com\/pt\/wp-json\/wp\/v2\/posts\/49484\/revisions\/49486"}],"wp:featuredmedia":[{"embeddable":true,"href":"https:\/\/tvbrazilusa.com\/pt\/wp-json\/wp\/v2\/media\/49485"}],"wp:attachment":[{"href":"https:\/\/tvbrazilusa.com\/pt\/wp-json\/wp\/v2\/media?parent=49484"}],"wp:term":[{"taxonomy":"category","embeddable":true,"href":"https:\/\/tvbrazilusa.com\/pt\/wp-json\/wp\/v2\/categories?post=49484"},{"taxonomy":"post_tag","embeddable":true,"href":"https:\/\/tvbrazilusa.com\/pt\/wp-json\/wp\/v2\/tags?post=49484"}],"curies":[{"name":"wp","href":"https:\/\/api.w.org\/{rel}","templated":true}]}}