{"id":49501,"date":"2024-10-18T18:09:32","date_gmt":"2024-10-18T18:09:32","guid":{"rendered":"https:\/\/tvbrazilusa.com\/2024\/10\/18\/lula-diz-que-bolsonaro-nao-acredita-em-deus-e-inventou-ser-evangelico-veja-video\/"},"modified":"2024-10-18T18:09:33","modified_gmt":"2024-10-18T18:09:33","slug":"lula-diz-que-bolsonaro-nao-acredita-em-deus-e-inventou-ser-evangelico-veja-video","status":"publish","type":"post","link":"https:\/\/tvbrazilusa.com\/pt\/2024\/10\/18\/lula-diz-que-bolsonaro-nao-acredita-em-deus-e-inventou-ser-evangelico-veja-video\/","title":{"rendered":"Lula diz que Bolsonaro n\u00e3o acredita em Deus e inventou ser evang\u00e9lico; VEJA V\u00cdDEO"},"content":{"rendered":"<p> <script async src=\"https:\/\/pagead2.googlesyndication.com\/pagead\/js\/adsbygoogle.js?client=ca-pub-8864793242727901\"\r\n     crossorigin=\"anonymous\"><\/script><br \/>\n<\/p>\n<div id=\"taboola-read-more\" style=\"display:block; width:100%\">\n<p>O presidente Luiz In\u00e1cio Lula da Silva (PT) fez cr\u00edticas ao ex-presidente Jair Bolsonaro (PL), na noite desta quinta-feira (17\/10), durante um com\u00edcio na cidade de Cama\u00e7ari, na Bahia. O titular do Planalto subiu no palanque ao lado do candidato petista \u00e0 prefeitura do munic\u00edpio, Luiz Caetano e pediu votos para o aliado.\n<\/p>\n<p>Lula pediu que a popula\u00e7\u00e3o n\u00e3o \u201ccometesse o erro de 2018\u201d, ao se referir \u00e0 vit\u00f3ria do ex-presidente. E acusou Bolsonaro de inventar ser evang\u00e9lico.<\/p>\n<p>\u201cA gente n\u00e3o pode cometer o erro que foi cometido em 2018, quando ao inv\u00e9s de votar num companheiro da qualidade do [Fernando] Haddad, votou numa coisa que ningu\u00e9m conhecia, a n\u00e3o ser por contar mentira, a n\u00e3o ser por pregar o \u00f3dio, inventou at\u00e9 que era evang\u00e9lico. Ele n\u00e3o acredita em Deus\u201d, disparou Lula.\n<\/p>\n<p>E continuou: \u201cO comportamento dele \u00e9 de quem n\u00e3o acredita [em Deus]. Um homem que faz o filho disputar as elei\u00e7\u00f5es com a m\u00e3e e ele derrotou a m\u00e3e. Eu fico perguntando que homem \u00e9 esse. Esse homem \u00e9 respons\u00e1vel pela morte de quase 300 ou 400 mil pessoas na Covid pela irresponsabilidade\u201d, afirmou o presidente.\n<\/p>\n<p>Ao longo do discurso, o chefe do Executivo fez outros acenos aos religiosos. Ele elogiou a escolha da vice, a Pastora D\u00e9a Santos (PSB), e disse que \u201cningu\u00e9m foi mais de esquerda do que Jesus Cristo\u201d.\n<\/p>\n<p>A cidade de Cama\u00e7ari tem uma disputa acirrada no segundo turno das elei\u00e7\u00f5es municipais. A primeira rodada do pleito terminou com o petista \u00e0 frente de Fl\u00e1vio Matos (Uni\u00e3o Brasil), por pouco mais de 500 votos.\n<\/p>\n<p>ASSISTA:\n<\/p>\n<p>Com informa\u00e7\u00f5es do Metr\u00f3poles <\/p>\n<\/div>\n<p><br \/>\n<br \/><a href=\"https:\/\/diariodobrasilnoticias.com.br\/noticia\/lula-diz-que-bolsonaro-nao-acredita-em-deus-e-inventou-ser-evangelico-veja-video-6712884edbbbe\">Source link <\/a><\/p>","protected":false},"excerpt":{"rendered":"<p>O presidente Luiz In\u00e1cio Lula da Silva (PT) fez cr\u00edticas ao ex-presidente Jair Bolsonaro (PL), na noite desta quinta-feira (17\/10), durante um com\u00edcio na cidade de Cama\u00e7ari, na Bahia. O&hellip;<\/p>","protected":false},"author":1,"featured_media":49502,"comment_status":"closed","ping_status":"open","sticky":false,"template":"","format":"standard","meta":{"content-type":"","footnotes":""},"categories":[16],"tags":[123,2448,5313,1267],"class_list":["post-49501","post","type-post","status-publish","format-standard","has-post-thumbnail","hentry","category-noticias","tag-brasil","tag-diario","tag-noticia","tag-noticias"],"_links":{"self":[{"href":"https:\/\/tvbrazilusa.com\/pt\/wp-json\/wp\/v2\/posts\/49501","targetHints":{"allow":["GET"]}}],"collection":[{"href":"https:\/\/tvbrazilusa.com\/pt\/wp-json\/wp\/v2\/posts"}],"about":[{"href":"https:\/\/tvbrazilusa.com\/pt\/wp-json\/wp\/v2\/types\/post"}],"author":[{"embeddable":true,"href":"https:\/\/tvbrazilusa.com\/pt\/wp-json\/wp\/v2\/users\/1"}],"replies":[{"embeddable":true,"href":"https:\/\/tvbrazilusa.com\/pt\/wp-json\/wp\/v2\/comments?post=49501"}],"version-history":[{"count":1,"href":"https:\/\/tvbrazilusa.com\/pt\/wp-json\/wp\/v2\/posts\/49501\/revisions"}],"predecessor-version":[{"id":49503,"href":"https:\/\/tvbrazilusa.com\/pt\/wp-json\/wp\/v2\/posts\/49501\/revisions\/49503"}],"wp:featuredmedia":[{"embeddable":true,"href":"https:\/\/tvbrazilusa.com\/pt\/wp-json\/wp\/v2\/media\/49502"}],"wp:attachment":[{"href":"https:\/\/tvbrazilusa.com\/pt\/wp-json\/wp\/v2\/media?parent=49501"}],"wp:term":[{"taxonomy":"category","embeddable":true,"href":"https:\/\/tvbrazilusa.com\/pt\/wp-json\/wp\/v2\/categories?post=49501"},{"taxonomy":"post_tag","embeddable":true,"href":"https:\/\/tvbrazilusa.com\/pt\/wp-json\/wp\/v2\/tags?post=49501"}],"curies":[{"name":"wp","href":"https:\/\/api.w.org\/{rel}","templated":true}]}}