{"id":49526,"date":"2024-10-18T19:18:01","date_gmt":"2024-10-18T19:18:01","guid":{"rendered":"https:\/\/tvbrazilusa.com\/2024\/10\/18\/justica-libera-motorista-detido-em-flagrante-com-800-kg-de-cocaina\/"},"modified":"2024-10-18T19:18:02","modified_gmt":"2024-10-18T19:18:02","slug":"justica-libera-motorista-detido-em-flagrante-com-800-kg-de-cocaina","status":"publish","type":"post","link":"https:\/\/tvbrazilusa.com\/pt\/2024\/10\/18\/justica-libera-motorista-detido-em-flagrante-com-800-kg-de-cocaina\/","title":{"rendered":"Justi\u00e7a libera motorista detido em flagrante com 800 kg de coca\u00edna."},"content":{"rendered":"<p> <script async src=\"https:\/\/pagead2.googlesyndication.com\/pagead\/js\/adsbygoogle.js?client=ca-pub-8864793242727901\"\r\n     crossorigin=\"anonymous\"><\/script><br \/>\n<\/p>\n<div data-block-type=\"unstyled\" data-block-weight=\"44\">\n<p class=\"content-text__container\" data-track-category=\"Link no Texto\" data-track-links=\"data-track-links\">Victor Gabriel Alves, que confessou o crime, exercia a fun\u00e7\u00e3o conhecida como \u201cmula\u201d, respons\u00e1vel pela log\u00edstica da droga. Segundo seu relato, ele recebeu R$ 15 mil para transportar 800 tijolos de coca\u00edna escondidos em uma carga de polenta. Alves j\u00e1 se encontra em liberdade.<\/p>\n<\/div>\n<div id=\"pub-in-text-wrapper\">\u00a0Alves foi preso na quarta-feira (16) na cidade de Ipaussu, no interior de S\u00e3o Paulo. Os policiais militares que fizeram a apreens\u00e3o afirmaram que estavam fazendo patrulhamento de rotina nas rodovias da regi\u00e3o de Ourinhos quando receberam uma informa\u00e7\u00e3o da For\u00e7a Integrada de Combate ao Crime Organizado (FICCO) de que um caminh\u00e3o estaria transportando subst\u00e2ncias il\u00edcitas na regi\u00e3o.<\/p>\n<p>Os agentes deram ordem de parada ao motorista do caminh\u00e3o, que ignorou os sinais e fugiu. Em depoimento \u00e0 pol\u00edcia, o motorista disse que foi contratado por um homem de Londrina, identificado como \u201cBarata\u201d, para levar a droga at\u00e9 Diadema, na Regi\u00e3o Metropolitana de S\u00e3o Paulo.<\/p>\n<p>Alves disse que come\u00e7ou a trabalhar como caminhoneiro aos 18 anos, realizando fretes de mercadorias l\u00edcitas. Com a ajuda da m\u00e3e, adquiriu uma van financiada, com a qual passou a trabalhar transportando produtos de e-commerce. Em 2021, \u201cdevido a dificuldades financeiras\u201d, precisou vender a van, mas conseguiu comprar um caminh\u00e3o financiado. Ele afirmou que, devido a dificuldades financeiras, passou a transportar drogas.<\/p>\n<p><strong>Soltura<\/strong><br \/>A pris\u00e3o em flagrante foi aceita pela Justi\u00e7a, mediante a confiss\u00e3o e as provas. A ju\u00edza Alessandra Mendes Spalding, entretanto, n\u00e3o converteu para preventiva, e Alves foi solto menos de 24 horas depois da apreens\u00e3o da carga.<\/p>\n<p>A magistrada reconhece na decis\u00e3o que o crime de tr\u00e1fico de drogas \u00e9 \u201cgrave\u201d e ressalta a grande quantidade apreendida. Mas afirma que Victor \u00e9 r\u00e9u prim\u00e1rio, conta com resid\u00eancia fixa, \u00e9 casado, pai de dois filhos e demonstra \u201cla\u00e7os s\u00f3lidos com a comunidade\u201d.<\/p>\n<p>A ju\u00edza diz que n\u00e3o h\u00e1 ind\u00edcios de que Alves fa\u00e7a parte de uma organiza\u00e7\u00e3o criminosa ou se dedica ao crime \u201ccom habitualidade\u201d. Ela usou o \u201cprinc\u00edpio da proporcionalidade\u201d para negar a pris\u00e3o preventiva.<\/p>\n<p>\u201cAs circunst\u00e2ncias do flagrante indicam que o acusado foi colaborativo com as investiga\u00e7\u00f5es, confessando que foi contratado para transporte da carga il\u00edcita e dando detalhes de como tudo ocorreu, o que contribui para afastar o risco de que sua liberdade possa representar uma amea\u00e7a \u00e0s investiga\u00e7\u00f5es ou ordem p\u00fablica\u201d, escreveu.<\/p>\n<p>A defesa de Victor n\u00e3o foi localizada. O espa\u00e7o permanece em aberto.<\/p>\n<\/div>\n<p><br \/>\n<br \/><a href=\"https:\/\/diariodobrasilnoticias.com.br\/noticia\/justica-libera-motorista-detido-em-flagrante-com-800-kg-de-cocaina-67129b5b0ea1f\">Source link <\/a><\/p>","protected":false},"excerpt":{"rendered":"<p>Victor Gabriel Alves, que confessou o crime, exercia a fun\u00e7\u00e3o conhecida como \u201cmula\u201d, respons\u00e1vel pela log\u00edstica da droga. Segundo seu relato, ele recebeu R$ 15 mil para transportar 800 tijolos&hellip;<\/p>","protected":false},"author":1,"featured_media":49527,"comment_status":"closed","ping_status":"open","sticky":false,"template":"","format":"standard","meta":{"content-type":"","footnotes":""},"categories":[16],"tags":[123,2448,5313,1267],"class_list":["post-49526","post","type-post","status-publish","format-standard","has-post-thumbnail","hentry","category-noticias","tag-brasil","tag-diario","tag-noticia","tag-noticias"],"_links":{"self":[{"href":"https:\/\/tvbrazilusa.com\/pt\/wp-json\/wp\/v2\/posts\/49526","targetHints":{"allow":["GET"]}}],"collection":[{"href":"https:\/\/tvbrazilusa.com\/pt\/wp-json\/wp\/v2\/posts"}],"about":[{"href":"https:\/\/tvbrazilusa.com\/pt\/wp-json\/wp\/v2\/types\/post"}],"author":[{"embeddable":true,"href":"https:\/\/tvbrazilusa.com\/pt\/wp-json\/wp\/v2\/users\/1"}],"replies":[{"embeddable":true,"href":"https:\/\/tvbrazilusa.com\/pt\/wp-json\/wp\/v2\/comments?post=49526"}],"version-history":[{"count":1,"href":"https:\/\/tvbrazilusa.com\/pt\/wp-json\/wp\/v2\/posts\/49526\/revisions"}],"predecessor-version":[{"id":49528,"href":"https:\/\/tvbrazilusa.com\/pt\/wp-json\/wp\/v2\/posts\/49526\/revisions\/49528"}],"wp:featuredmedia":[{"embeddable":true,"href":"https:\/\/tvbrazilusa.com\/pt\/wp-json\/wp\/v2\/media\/49527"}],"wp:attachment":[{"href":"https:\/\/tvbrazilusa.com\/pt\/wp-json\/wp\/v2\/media?parent=49526"}],"wp:term":[{"taxonomy":"category","embeddable":true,"href":"https:\/\/tvbrazilusa.com\/pt\/wp-json\/wp\/v2\/categories?post=49526"},{"taxonomy":"post_tag","embeddable":true,"href":"https:\/\/tvbrazilusa.com\/pt\/wp-json\/wp\/v2\/tags?post=49526"}],"curies":[{"name":"wp","href":"https:\/\/api.w.org\/{rel}","templated":true}]}}