{"id":49568,"date":"2024-10-18T21:29:14","date_gmt":"2024-10-18T21:29:14","guid":{"rendered":"https:\/\/tvbrazilusa.com\/2024\/10\/18\/stf-vai-passar-por-cima-do-congresso-e-julgar-regulamentacao-das-redes-sociais-em-novembro\/"},"modified":"2024-10-18T21:29:15","modified_gmt":"2024-10-18T21:29:15","slug":"stf-vai-passar-por-cima-do-congresso-e-julgar-regulamentacao-das-redes-sociais-em-novembro","status":"publish","type":"post","link":"https:\/\/tvbrazilusa.com\/pt\/2024\/10\/18\/stf-vai-passar-por-cima-do-congresso-e-julgar-regulamentacao-das-redes-sociais-em-novembro\/","title":{"rendered":"STF vai &#8216;passar por cima&#8217; do congresso e julgar regulamenta\u00e7\u00e3o das redes sociais em novembro"},"content":{"rendered":"<p> <script async src=\"https:\/\/pagead2.googlesyndication.com\/pagead\/js\/adsbygoogle.js?client=ca-pub-8864793242727901\"\r\n     crossorigin=\"anonymous\"><\/script><br \/>\n<\/p>\n<div id=\"taboola-read-more\" style=\"display:block; width:100%\">\n<p>O julgamento de 3 a\u00e7\u00f5es que tratam sobre a regulamenta\u00e7\u00e3o das redes sociais no STF (Supremo Tribunal Federal) foi marcado para 27 de novembro. Por terem objetos similares, os ministros relatores pediram que os casos fossem analisados em conjunto.\n<\/p>\n<p>O presidente da Corte, ministro Roberto Barroso, \u00e9 quem decide a pauta do plen\u00e1rio. Ele j\u00e1 havia sinalizado que deixaria a an\u00e1lise do tema s\u00f3 para depois das elei\u00e7\u00f5es municipais. O 2\u00ba turno ser\u00e1 realizado em 27 de outubro.<\/p>\n<p>Em agosto, antes do bloqueio do X (ex-Twitter) \u2013o que levantou novamente a discuss\u00e3o sobre plataformas\u2013, Dias Toffoli, Luiz Fux e Edson Fachin pediram o julgamento conjunto, preferencialmente para novembro.\n<\/p>\n<p>A a\u00e7\u00e3o sob relatoria de Toffoli questiona a constitucionalidade do artigo 19 da Lei do Marco Civil da Internet. O dispositivo exige que uma ordem judicial espec\u00edfica seja emitida antes que sites, provedores de internet e aplicativos de redes sociais sejam responsabilizados por conte\u00fados prejudiciais publicados por outras pessoas.\n<\/p>\n<p>J\u00e1 o caso de Fux discute a responsabilidade de provedores de aplicativos ou de ferramentas de internet pelo conte\u00fado produzido pelos usu\u00e1rios e a possibilidade de remo\u00e7\u00e3o de conte\u00fados que possam ofender direitos de personalidade, incitar o \u00f3dio ou difundir not\u00edcias fraudulentas.\n<\/p>\n<p>Ainda h\u00e1 uma 3\u00aa a\u00e7\u00e3o que tange a tem\u00e1tica, do ministro Fachin, que analisa a possibilidade de bloqueio do WhatsApp por decis\u00f5es judiciais, analisando se o bloqueio ofende o direito \u00e0 liberdade de express\u00e3o e comunica\u00e7\u00e3o e o princ\u00edpio da proporcionalidade.\n<\/p>\n<p>Fonte: Poder 360 <\/p>\n<\/div>\n<p><br \/>\n<br \/><a href=\"https:\/\/diariodobrasilnoticias.com.br\/noticia\/o-stf-ira-avaliar-a-regulamentacao-das-redes-sociais-em-27-de-novembro-6712ab65e8819\">Source link <\/a><\/p>","protected":false},"excerpt":{"rendered":"<p>O julgamento de 3 a\u00e7\u00f5es que tratam sobre a regulamenta\u00e7\u00e3o das redes sociais no STF (Supremo Tribunal Federal) foi marcado para 27 de novembro. Por terem objetos similares, os ministros&hellip;<\/p>","protected":false},"author":1,"featured_media":49569,"comment_status":"closed","ping_status":"open","sticky":false,"template":"","format":"standard","meta":{"content-type":"","footnotes":""},"categories":[16],"tags":[123,2448,5313,1267],"class_list":["post-49568","post","type-post","status-publish","format-standard","has-post-thumbnail","hentry","category-noticias","tag-brasil","tag-diario","tag-noticia","tag-noticias"],"_links":{"self":[{"href":"https:\/\/tvbrazilusa.com\/pt\/wp-json\/wp\/v2\/posts\/49568","targetHints":{"allow":["GET"]}}],"collection":[{"href":"https:\/\/tvbrazilusa.com\/pt\/wp-json\/wp\/v2\/posts"}],"about":[{"href":"https:\/\/tvbrazilusa.com\/pt\/wp-json\/wp\/v2\/types\/post"}],"author":[{"embeddable":true,"href":"https:\/\/tvbrazilusa.com\/pt\/wp-json\/wp\/v2\/users\/1"}],"replies":[{"embeddable":true,"href":"https:\/\/tvbrazilusa.com\/pt\/wp-json\/wp\/v2\/comments?post=49568"}],"version-history":[{"count":1,"href":"https:\/\/tvbrazilusa.com\/pt\/wp-json\/wp\/v2\/posts\/49568\/revisions"}],"predecessor-version":[{"id":49570,"href":"https:\/\/tvbrazilusa.com\/pt\/wp-json\/wp\/v2\/posts\/49568\/revisions\/49570"}],"wp:featuredmedia":[{"embeddable":true,"href":"https:\/\/tvbrazilusa.com\/pt\/wp-json\/wp\/v2\/media\/49569"}],"wp:attachment":[{"href":"https:\/\/tvbrazilusa.com\/pt\/wp-json\/wp\/v2\/media?parent=49568"}],"wp:term":[{"taxonomy":"category","embeddable":true,"href":"https:\/\/tvbrazilusa.com\/pt\/wp-json\/wp\/v2\/categories?post=49568"},{"taxonomy":"post_tag","embeddable":true,"href":"https:\/\/tvbrazilusa.com\/pt\/wp-json\/wp\/v2\/tags?post=49568"}],"curies":[{"name":"wp","href":"https:\/\/api.w.org\/{rel}","templated":true}]}}