{"id":49571,"date":"2024-10-18T21:36:23","date_gmt":"2024-10-18T21:36:23","guid":{"rendered":"https:\/\/tvbrazilusa.com\/2024\/10\/18\/stf-forma-maioria-para-condenar-presos-do-8-1-que-nao-aceitaram-acordo-da-pgr-paulo-figueiredo\/"},"modified":"2024-10-18T21:42:11","modified_gmt":"2024-10-18T21:42:11","slug":"stf-forma-maioria-para-condenar-presos-do-8-1-que-nao-aceitaram-acordo-da-pgr-paulo-figueiredo","status":"publish","type":"post","link":"https:\/\/tvbrazilusa.com\/pt\/2024\/10\/18\/stf-forma-maioria-para-condenar-presos-do-8-1-que-nao-aceitaram-acordo-da-pgr-paulo-figueiredo\/","title":{"rendered":"STF forma maioria para condenar presos do 8\/1 que n\u00e3o aceitaram acordo da PGR &#8211; Paulo Figueiredo"},"content":{"rendered":"<p> <script async src=\"https:\/\/pagead2.googlesyndication.com\/pagead\/js\/adsbygoogle.js?client=ca-pub-8864793242727901\"\r\n     crossorigin=\"anonymous\"><\/script><br \/>\n<\/p>\n<div id=\"wtr-content\" data-bg=\"#FFFFFF\" data-fg=\"#006d91\" data-width=\"25\" data-mute=\"1\" data-fgopacity=\"1.00\" data-mutedopacity=\"0.5\" data-placement=\"bottom\" data-placement-offset=\"0\" data-content-offset=\"262\" data-placement-touch=\"bottom\" data-placement-offset-touch=\"0\" data-transparent=\"\" data-shadow=\"0\" data-touch=\"1\" data-non-touch=\"1\" data-comments=\"0\" data-commentsbg=\"transparent\" data-location=\"page\" data-mutedfg=\"#006d91\" data-endfg=\"#006d91\" data-rtl=\"\">\n<h3 class=\"wp-block-heading\">Pena fixada em um ano de reclus\u00e3o se soma a outras obriga\u00e7\u00f5es<\/h3>\n<p>A maioria do\u00a0<strong>Supremo Tribunal Federal (STF)<\/strong>\u00a0chancelou o voto do relator dos casos do 8 de janeiro na Corte, Alexandre de Moraes, para condenar mais 14 presos, em virtude do protesto. O \u00fanico ministro a divergir, at\u00e9 o momento, foi Andr\u00e9 Mendon\u00e7a. Faltam votar Gilmar Mendes, C\u00e1rmen L\u00facia, Edson Fachin e Nunes Marques.<\/p>\n<p>Esses manifestantes s\u00e3o da primeira leva que n\u00e3o aceitou o acordo de n\u00e3o persecu\u00e7\u00e3o penal (ANPP) da Procuradoria-Geral da Rep\u00fablica (PGR).<\/p>\n<p>Conforme a pena, os manifestantes pegaram 1 ano de reclus\u00e3o. Al\u00e9m disso, v\u00e3o ter de obedecer a uma s\u00e9rie de medidas, algumas delas, prevista no ANPP da PGR.<\/p>\n<p>O ANPP \u00e9 oferecido apenas aos que a pol\u00edcia prendeu no acampamento em frente ao Quartel-General do Ex\u00e9rcito, em Bras\u00edlia.<\/p>\n<h3 class=\"wp-block-heading\">A lista de obriga\u00e7\u00f5es estabelecida no voto de Alexandre de Moraes<\/h3>\n<ol class=\"wp-block-list\">\n<li>Presta\u00e7\u00e3o de servi\u00e7os \u00e0 comunidade ou a entidades p\u00fablicas, pelo total de 225 horas (h), observados os limites mensais de cumprimento no m\u00ednimo de 30 h (trinta horas), em local a ser indicado pelo ju\u00edzo de execu\u00e7\u00e3o;<\/li>\n<li>Participa\u00e7\u00e3o presencial em curso elaborado pelo Minist\u00e9rio P\u00fablico Federal, com tem\u00e1tica sobre \u201cDemocracia, Estado de Direito e Golpe de Estado\u201d, com carga hor\u00e1ria de 12 h, distribu\u00edda em quatro m\u00f3dulos de 3 h a ser ministrado pelo ju\u00edzo da execu\u00e7\u00e3o;<\/li>\n<li>Proibi\u00e7\u00e3o de ausentar-se da comarca em que reside at\u00e9 a extin\u00e7\u00e3o da pena;<\/li>\n<li>Proibi\u00e7\u00e3o de utiliza\u00e7\u00e3o de redes sociais, at\u00e9 a extin\u00e7\u00e3o da pena;<\/li>\n<li>Manuten\u00e7\u00e3o da suspens\u00e3o dos passaportes emitidos pela Rep\u00fablica Federativa do Brasil, em nome do condenado;<\/li>\n<li>Revoga\u00e7\u00e3o de registro ou porte de arma de fogo, se existente;<\/li>\n<li>Vinte dias-multa, cada um no valor de meio sal\u00e1rio m\u00ednimo \u00e0 \u00e9poca dos fatos, pela pr\u00e1tica do crime previsto no artigo 286, par\u00e1grafo \u00fanico, do C\u00f3digo Penal (incita\u00e7\u00e3o ao crime equiparada pela animosidade das For\u00e7as Armadas contra os Poderes Constitucionais);<\/li>\n<li>R$ 5.000.000,00, como pagamento do valor m\u00ednimo indenizat\u00f3rio a t\u00edtulo de danos morais coletivos, a ser adimplido de forma solid\u00e1ria pelos demais condenados, em favor do fundo a que alude o art.13 da Lei 7.347\/1985.<\/li>\n<\/ol>\n<p><strong><a href=\"https:\/\/revistaoeste.com\/politica\/stf-segue-alexandre-de-moraes-e-condena-presos-do-8-de-janeiro-que-nao-aceitaram-acordo-da-pgr\/\">Source link<\/a><\/strong><\/p>\n<\/div>\n<p><br \/>\n<br \/><a href=\"https:\/\/paulofigueiredoshow.com\/stf-forma-maioria-para-condenar-presos-do-8-1-que-nao-aceitaram-acordo-da-pgr\/\">Source link <\/a><\/p>","protected":false},"excerpt":{"rendered":"<p>Pena fixada em um ano de reclus\u00e3o se soma a outras obriga\u00e7\u00f5es A maioria do\u00a0Supremo Tribunal Federal (STF)\u00a0chancelou o voto do relator dos casos do 8 de janeiro na Corte,&hellip;<\/p>","protected":false},"author":1,"featured_media":4239,"comment_status":"closed","ping_status":"open","sticky":false,"template":"","format":"standard","meta":{"content-type":"","footnotes":""},"categories":[16],"tags":[1469,5281,21129,28194,871],"class_list":["post-49571","post","type-post","status-publish","format-standard","has-post-thumbnail","hentry","category-noticias","tag-8-1","tag-condenacao","tag-maioria","tag-sem-acordo","tag-stf"],"_links":{"self":[{"href":"https:\/\/tvbrazilusa.com\/pt\/wp-json\/wp\/v2\/posts\/49571","targetHints":{"allow":["GET"]}}],"collection":[{"href":"https:\/\/tvbrazilusa.com\/pt\/wp-json\/wp\/v2\/posts"}],"about":[{"href":"https:\/\/tvbrazilusa.com\/pt\/wp-json\/wp\/v2\/types\/post"}],"author":[{"embeddable":true,"href":"https:\/\/tvbrazilusa.com\/pt\/wp-json\/wp\/v2\/users\/1"}],"replies":[{"embeddable":true,"href":"https:\/\/tvbrazilusa.com\/pt\/wp-json\/wp\/v2\/comments?post=49571"}],"version-history":[{"count":1,"href":"https:\/\/tvbrazilusa.com\/pt\/wp-json\/wp\/v2\/posts\/49571\/revisions"}],"predecessor-version":[{"id":49572,"href":"https:\/\/tvbrazilusa.com\/pt\/wp-json\/wp\/v2\/posts\/49571\/revisions\/49572"}],"wp:featuredmedia":[{"embeddable":true,"href":"https:\/\/tvbrazilusa.com\/pt\/wp-json\/wp\/v2\/media\/4239"}],"wp:attachment":[{"href":"https:\/\/tvbrazilusa.com\/pt\/wp-json\/wp\/v2\/media?parent=49571"}],"wp:term":[{"taxonomy":"category","embeddable":true,"href":"https:\/\/tvbrazilusa.com\/pt\/wp-json\/wp\/v2\/categories?post=49571"},{"taxonomy":"post_tag","embeddable":true,"href":"https:\/\/tvbrazilusa.com\/pt\/wp-json\/wp\/v2\/tags?post=49571"}],"curies":[{"name":"wp","href":"https:\/\/api.w.org\/{rel}","templated":true}]}}