{"id":49573,"date":"2024-10-18T21:54:24","date_gmt":"2024-10-18T21:54:24","guid":{"rendered":"https:\/\/tvbrazilusa.com\/2024\/10\/18\/prefeito-de-taboao-da-serra-e-alvo-de-tiros-nesta-sexta-feira\/"},"modified":"2024-10-18T21:54:25","modified_gmt":"2024-10-18T21:54:25","slug":"prefeito-de-taboao-da-serra-e-alvo-de-tiros-nesta-sexta-feira","status":"publish","type":"post","link":"https:\/\/tvbrazilusa.com\/pt\/2024\/10\/18\/prefeito-de-taboao-da-serra-e-alvo-de-tiros-nesta-sexta-feira\/","title":{"rendered":"Prefeito de Tabo\u00e3o da Serra \u00e9 alvo de tiros nesta sexta-feira"},"content":{"rendered":"<p> <script async src=\"https:\/\/pagead2.googlesyndication.com\/pagead\/js\/adsbygoogle.js?client=ca-pub-8864793242727901\"\r\n     crossorigin=\"anonymous\"><\/script><br \/>\n<\/p>\n<div id=\"taboola-read-more\" style=\"display:block; width:100%\">\n<p>Jos\u00e9 Apr\u00edgio da Silva (Podemos), atual prefeito de Tabo\u00e3o da Serra, foi alvo de um ataque a tiros por volta das 14h40 desta sexta-feira (18), na Grande S\u00e3o Paulo. O ve\u00edculo em que o candidato estava, acompanhado de tr\u00eas pessoas, foi atingido por cinco disparos.<\/p>\n<p>Apesar de estar em um carro blindado, Apr\u00edgio, de 72 anos, foi ferido na regi\u00e3o do ombro e do pesco\u00e7o. As primeiras investiga\u00e7\u00f5es indicam que os disparos podem ter sido efetuados por um fuzil.\n<\/p>\n<p>Fonte: @bandnewstv<\/p>\n<\/p><\/div>\n<p><br \/>\n<br \/><a href=\"https:\/\/diariodobrasilnoticias.com.br\/noticia\/prefeito-de-taboao-da-serra-e-alvo-de-tiros-nesta-sexta-feira-6712ba328f089\">Source link <\/a><\/p>","protected":false},"excerpt":{"rendered":"<p>Jos\u00e9 Apr\u00edgio da Silva (Podemos), atual prefeito de Tabo\u00e3o da Serra, foi alvo de um ataque a tiros por volta das 14h40 desta sexta-feira (18), na Grande S\u00e3o Paulo. O&hellip;<\/p>","protected":false},"author":1,"featured_media":49574,"comment_status":"closed","ping_status":"open","sticky":false,"template":"","format":"standard","meta":{"content-type":"","footnotes":""},"categories":[16],"tags":[123,2448,5313,1267],"class_list":["post-49573","post","type-post","status-publish","format-standard","has-post-thumbnail","hentry","category-noticias","tag-brasil","tag-diario","tag-noticia","tag-noticias"],"_links":{"self":[{"href":"https:\/\/tvbrazilusa.com\/pt\/wp-json\/wp\/v2\/posts\/49573","targetHints":{"allow":["GET"]}}],"collection":[{"href":"https:\/\/tvbrazilusa.com\/pt\/wp-json\/wp\/v2\/posts"}],"about":[{"href":"https:\/\/tvbrazilusa.com\/pt\/wp-json\/wp\/v2\/types\/post"}],"author":[{"embeddable":true,"href":"https:\/\/tvbrazilusa.com\/pt\/wp-json\/wp\/v2\/users\/1"}],"replies":[{"embeddable":true,"href":"https:\/\/tvbrazilusa.com\/pt\/wp-json\/wp\/v2\/comments?post=49573"}],"version-history":[{"count":1,"href":"https:\/\/tvbrazilusa.com\/pt\/wp-json\/wp\/v2\/posts\/49573\/revisions"}],"predecessor-version":[{"id":49575,"href":"https:\/\/tvbrazilusa.com\/pt\/wp-json\/wp\/v2\/posts\/49573\/revisions\/49575"}],"wp:featuredmedia":[{"embeddable":true,"href":"https:\/\/tvbrazilusa.com\/pt\/wp-json\/wp\/v2\/media\/49574"}],"wp:attachment":[{"href":"https:\/\/tvbrazilusa.com\/pt\/wp-json\/wp\/v2\/media?parent=49573"}],"wp:term":[{"taxonomy":"category","embeddable":true,"href":"https:\/\/tvbrazilusa.com\/pt\/wp-json\/wp\/v2\/categories?post=49573"},{"taxonomy":"post_tag","embeddable":true,"href":"https:\/\/tvbrazilusa.com\/pt\/wp-json\/wp\/v2\/tags?post=49573"}],"curies":[{"name":"wp","href":"https:\/\/api.w.org\/{rel}","templated":true}]}}