{"id":49576,"date":"2024-10-18T21:33:37","date_gmt":"2024-10-18T21:33:37","guid":{"rendered":"https:\/\/tvbrazilusa.com\/2024\/10\/18\/hamas-confirma-morte-do-lider-terrorista-yahya-sinwar-e-promete-vinganca-paulo-figueiredo\/"},"modified":"2024-10-18T22:08:49","modified_gmt":"2024-10-18T22:08:49","slug":"hamas-confirma-morte-do-lider-terrorista-yahya-sinwar-e-promete-vinganca-paulo-figueiredo","status":"publish","type":"post","link":"https:\/\/tvbrazilusa.com\/pt\/2024\/10\/18\/hamas-confirma-morte-do-lider-terrorista-yahya-sinwar-e-promete-vinganca-paulo-figueiredo\/","title":{"rendered":"Hamas confirma morte do l\u00edder terrorista Yahya Sinwar e promete vingan\u00e7a &#8211; Paulo Figueiredo"},"content":{"rendered":"<p> <script async src=\"https:\/\/pagead2.googlesyndication.com\/pagead\/js\/adsbygoogle.js?client=ca-pub-8864793242727901\"\r\n     crossorigin=\"anonymous\"><\/script><br \/>\n<\/p>\n<div id=\"wtr-content\" data-bg=\"#FFFFFF\" data-fg=\"#006d91\" data-width=\"25\" data-mute=\"1\" data-fgopacity=\"1.00\" data-mutedopacity=\"0.5\" data-placement=\"bottom\" data-placement-offset=\"0\" data-content-offset=\"262\" data-placement-touch=\"bottom\" data-placement-offset-touch=\"0\" data-transparent=\"\" data-shadow=\"0\" data-touch=\"1\" data-non-touch=\"1\" data-comments=\"0\" data-commentsbg=\"transparent\" data-location=\"page\" data-mutedfg=\"#006d91\" data-endfg=\"#006d91\" data-rtl=\"\">\n<h3 class=\"wp-block-heading\">Chefe foi morto em ataque militar israelense<\/h3>\n<p>O grupo terrorista Hamas confirmou nesta sexta-feira, 18, a morte do seu principal l\u00edder, Yahya Sinwar, apontado como o mentor dos ataques a Israel em 7 de outubro de 2023, quando mais de 1,2 mil pessoas foram assassinadas e 215 sequestradas.<\/p>\n<p>A confirma\u00e7\u00e3o da morte de Sinwar foi feita por Khalil Al-Hayya, membro do alto escal\u00e3o do Hamas. O l\u00edder foi morto na \u00faltima quarta-feira 16, em confronto com soldados israelenses na Faixa de Gaza. As For\u00e7as de Defesa de Israel (FDI) confirmaram a morte do terrorista na quinta-feira 17.<\/p>\n<p>\u201cO Movimento de Resist\u00eancia Isl\u00e2mica Hamas lamenta ao nosso povo palestino, a toda a nossa na\u00e7\u00e3o e ao povo livre do mundo, um dos homens mais nobres e corajosos, um homem que dedicou sua vida pela Palestina e deu sua alma por amor a Deus no caminho para sua liberta\u00e7\u00e3o\u201d, disse Al-Hayya.<\/p>\n<p>Em um comunicado divulgado nas redes sociais, o porta-voz do Hamas afirmou que a morte de Sinwar provocar\u00e1 uma \u201cresposta contundente\u201d contra Israel e ressaltou que o grupo n\u00e3o devolver\u00e1 os ref\u00e9ns que est\u00e3o em seu poder enquanto o conflito em\u00a0<strong>Gaza<\/strong>\u00a0n\u00e3o for encerrado. \u201cA morte de Sinwar aumentar\u00e1 nossa determina\u00e7\u00e3o em atingir nossos objetivos\u201d, disse Al-Hayya.<\/p>\n<h3 class=\"wp-block-heading\">Leia mais:<\/h3>\n<p>Khalil Al-Hayya chamou Sinwar de \u201cm\u00e1rtir ca\u00eddo\u201d, o descreveu como \u201cfirme, corajoso e intr\u00e9pido\u201d e disse que ele \u201cencontrou seu fim de p\u00e9, corajoso, com a cabe\u00e7a erguida, segurando sua arma de fogo, atirando at\u00e9 o \u00faltimo suspiro, at\u00e9 o \u00faltimo momento de sua vida\u201d.<\/p>\n<p>\u201c[Sinwar] ascendeu como um m\u00e1rtir her\u00f3ico, avan\u00e7ando e n\u00e3o recuando, brandindo sua arma, engajando e confrontando o ex\u00e9rcito de ocupa\u00e7\u00e3o na vanguarda das fileiras, movendo-se entre todas as posi\u00e7\u00f5es de combate, firme, fixo e firme na terra da orgulhosa Gaza, defendendo a terra da Palestina e suas santidades, e inspirando em acender o esp\u00edrito de firmeza, paci\u00eancia, firmeza e resist\u00eancia\u201d, concluiu o porta-voz.<\/p>\n<h3 class=\"wp-block-heading\">L\u00edder do Hamas, Yahya Sinwar foi morto em ataque de Israel<\/h3>\n<p>Yahya Sinwar, l\u00edder do Hamas, foi morto junto com outros dois terroristas em bombardeio israelense em Rafah, na Faixa de Gaza. A morte ocorreu em um ataque que n\u00e3o visava especificamente o l\u00edder terrorista. O corpo foi identificado depois de testes de DNA e de arcada dent\u00e1ria em Israel.<\/p>\n<p>A elimina\u00e7\u00e3o de Sinwar foi considerada, em Israel, uma vit\u00f3ria militar das\u00a0<strong>For\u00e7as de Defesa de Israel<\/strong>\u00a0e do governo do primeiro-ministro Benjamin Netanyahu.<\/p>\n<p>\u201cO assassino em massa Yahya Sinwar, respons\u00e1vel pelos ataques de 7 de outubro, foi morto hoje por soldados das For\u00e7as de Defesa de Israel\u201d, disse o ministro das Rela\u00e7\u00f5es Exteriores do pa\u00eds, Israel Katz.<\/p>\n<p>Com os principais l\u00edderes mortos, Hamas e Hezbollah est\u00e3o sob press\u00e3o, o que abre a possibilidade de liberta\u00e7\u00e3o dos 101 ref\u00e9ns que permanecem na Faixa de Gaza e de um cessar-fogo no L\u00edbano.<\/p>\n<p><strong><a href=\"https:\/\/revistaoeste.com\/mundo\/hamas-confirma-morte-do-lider-terrorista-yahya-sinwar-e-promete-vinganca\/\">Source link<\/a><\/strong><\/p>\n<\/div>\n<p><br \/>\n<br \/><a href=\"https:\/\/paulofigueiredoshow.com\/hamas-confirma-morte-do-lider-terrorista-yahya-sinwar-e-promete-vinganca\/\">Source link <\/a><\/p>","protected":false},"excerpt":{"rendered":"<p>Chefe foi morto em ataque militar israelense O grupo terrorista Hamas confirmou nesta sexta-feira, 18, a morte do seu principal l\u00edder, Yahya Sinwar, apontado como o mentor dos ataques a&hellip;<\/p>","protected":false},"author":1,"featured_media":40833,"comment_status":"closed","ping_status":"open","sticky":false,"template":"","format":"standard","meta":{"content-type":"","footnotes":""},"categories":[16],"tags":[],"class_list":["post-49576","post","type-post","status-publish","format-standard","has-post-thumbnail","hentry","category-noticias"],"_links":{"self":[{"href":"https:\/\/tvbrazilusa.com\/pt\/wp-json\/wp\/v2\/posts\/49576","targetHints":{"allow":["GET"]}}],"collection":[{"href":"https:\/\/tvbrazilusa.com\/pt\/wp-json\/wp\/v2\/posts"}],"about":[{"href":"https:\/\/tvbrazilusa.com\/pt\/wp-json\/wp\/v2\/types\/post"}],"author":[{"embeddable":true,"href":"https:\/\/tvbrazilusa.com\/pt\/wp-json\/wp\/v2\/users\/1"}],"replies":[{"embeddable":true,"href":"https:\/\/tvbrazilusa.com\/pt\/wp-json\/wp\/v2\/comments?post=49576"}],"version-history":[{"count":1,"href":"https:\/\/tvbrazilusa.com\/pt\/wp-json\/wp\/v2\/posts\/49576\/revisions"}],"predecessor-version":[{"id":49577,"href":"https:\/\/tvbrazilusa.com\/pt\/wp-json\/wp\/v2\/posts\/49576\/revisions\/49577"}],"wp:featuredmedia":[{"embeddable":true,"href":"https:\/\/tvbrazilusa.com\/pt\/wp-json\/wp\/v2\/media\/40833"}],"wp:attachment":[{"href":"https:\/\/tvbrazilusa.com\/pt\/wp-json\/wp\/v2\/media?parent=49576"}],"wp:term":[{"taxonomy":"category","embeddable":true,"href":"https:\/\/tvbrazilusa.com\/pt\/wp-json\/wp\/v2\/categories?post=49576"},{"taxonomy":"post_tag","embeddable":true,"href":"https:\/\/tvbrazilusa.com\/pt\/wp-json\/wp\/v2\/tags?post=49576"}],"curies":[{"name":"wp","href":"https:\/\/api.w.org\/{rel}","templated":true}]}}